{"id":11769,"date":"2017-07-28T01:10:31","date_gmt":"2017-07-28T06:10:31","guid":{"rendered":"http:\/\/www.dev.nitu.mx\/?p=11769"},"modified":"2017-07-28T01:12:50","modified_gmt":"2017-07-28T06:12:50","slug":"ante-cambios-en-apoyo-del-cptm-para-las-ferias-hoteleros-de-cancun-analizan-asistencia","status":"publish","type":"post","link":"https:\/\/nitu.mx\/index.php\/2017\/07\/28\/ante-cambios-en-apoyo-del-cptm-para-las-ferias-hoteleros-de-cancun-analizan-asistencia\/","title":{"rendered":"Ante cambios en apoyo del CPTM para las ferias, hoteleros de Canc\u00fan analizan asistencia"},"content":{"rendered":"<p>El sector hotelero de Canc\u00fan a\u00fan analiza cu\u00e1les ser\u00e1n las ferias a las que acudir\u00e1n ante los cambios en precios y presupuestos que se dieron a conocer por parte del Consejo de Promoci\u00f3n Tur\u00edstica de M\u00e9xico (CPTM), que dirige H\u00e9ctor Flores Santana, ya que se incrementaron precios y se cambi\u00f3 formato.<\/p>\n<p>El presidente de la Asociaci\u00f3n de Hoteles de Canc\u00fan (AHC), Carlos Gosselin Maurel, inform\u00f3 que \u201ca\u00fan estudiamos las condiciones para acudir a las pr\u00f3ximas ferias y la forma en que asistiremos debido al cambio que tuvo en este aspecto el CPTM, pues nos significar\u00e1n m\u00e1s recursos\u201d, por lo que a\u00fan no deciden en cu\u00e1les y de que forma tendr\u00e1n presencia.<\/p>\n<p>Empero, sobre el World Travel Market (WTM, a realizarse en noviembre en Londres), que es uno de los m\u00e1s importantes, el CPTM, ya asegur\u00f3 est\u00e1 en el listado.<\/p>\n<p>El mismo Flores Negrete, dijo a Nitu.mx sobre el tema \u201cen el CPTM, hacemos una evaluaci\u00f3n el fin de a\u00f1o a la luz de la autorizaci\u00f3n presupuestal que el Congreso emite, evaluamos todas las ferias internacionales de turismo a las que asistimos en el mundo\u201d.<\/p>\n<p>La decisi\u00f3n de acudir se comparte con las entidades federativas y con los socios comerciales para que estos busquen tener una rentabilidad importante en su presencia y asegurarse que lo invertido tenga un retorno, que realmente impacte en la presencia de turismo internacional hacia el pa\u00eds.<\/p>\n<p>As\u00ed el CPTM tom\u00f3 la decisi\u00f3n de que no se va a incrementar el costo del World Travel Market de Londr\u00e9s porque ya se hab\u00eda anunciado, mucha gente ya ten\u00edas los vuelos, y su participaci\u00f3n confirmada, pero la asistencia a otras ferias a\u00fan se eval\u00faa. (<a title=\"Los Hoteleros de Canc\u00fan demandan al estado: Transparencia en recursos, mayor promoci\u00f3n y orden a taxistas\" href=\"http:\/\/www.dev.nitu.mx\/index.php\/2017\/04\/20\/los-hoteleros-de-cancun-demandan-al-estado-transparencia-en-recursos-mayor-promocion-y-orden-a-taxistas\/\" rel=\"bookmark\">Los Hoteleros de Canc\u00fan demandan al estado: Transparencia en recursos y mayor promoci\u00f3n<\/a>).<\/p>\n<p>Explic\u00f3 que vale la pena hacer una revisi\u00f3n del modelo para que sea m\u00e1s eficiente, \u201cpero sobre todo que estemos en las ferias que realmente funcionan. En los segmentos de mercado apropiados, mercados emisores que aporten de manera m\u00e1s decidida. Lo importante no es el tama\u00f1o del pabell\u00f3n y el que vayan cientos de participantes, porque no significa el \u00e9xito\u201d.<\/p>\n","protected":false},"excerpt":{"rendered":"<p>El sector hotelero de Canc\u00fan a\u00fan analiza cu\u00e1les ser\u00e1n las ferias a las que acudir\u00e1n ante los cambios en precios y presupuestos que se dieron a conocer por parte del Consejo de Promoci\u00f3n Tur\u00edstica de M\u00e9xico (CPTM), que dirige H\u00e9ctor Flores Santana, ya que se incrementaron precios y se cambi\u00f3 formato. El presidente de la [&hellip;]<\/p>\n","protected":false},"author":3,"featured_media":11786,"comment_status":"open","ping_status":"open","sticky":false,"template":"","format":"standard","meta":{"footnotes":""},"categories":[12,6],"tags":[43,1110,287,1516],"yoast_head":"<!-- This site is optimized with the Yoast SEO plugin v22.2 - https:\/\/yoast.com\/wordpress\/plugins\/seo\/ -->\n<title>Ante cambios en apoyo del CPTM para las ferias, hoteleros de Canc\u00fan analizan asistencia - Nitu - Noticias de la Industria Turistica<\/title>\n<meta name=\"description\" content=\"El sector hotelero de Canc\u00fan analiza cu\u00e1les ser\u00e1n las ferias a las que acudir\u00e1n ante los cambios en precios y presupuestos del CPTM.\" \/>\n<meta name=\"robots\" content=\"index, follow, max-snippet:-1, max-image-preview:large, max-video-preview:-1\" \/>\n<link rel=\"canonical\" href=\"https:\/\/nitu.mx\/index.php\/2017\/07\/28\/ante-cambios-en-apoyo-del-cptm-para-las-ferias-hoteleros-de-cancun-analizan-asistencia\/\" \/>\n<meta name=\"twitter:card\" content=\"summary_large_image\" \/>\n<meta name=\"twitter:title\" content=\"Ante cambios en apoyo del CPTM para las ferias, hoteleros de Canc\u00fan analizan asistencia - Nitu - Noticias de la Industria Turistica\" \/>\n<meta name=\"twitter:description\" content=\"El sector hotelero de Canc\u00fan analiza cu\u00e1les ser\u00e1n las ferias a las que acudir\u00e1n ante los cambios en precios y presupuestos del CPTM.\" \/>\n<meta name=\"twitter:image\" content=\"https:\/\/nitu.mx\/wp-content\/uploads\/2017\/07\/gosselin.jpg\" \/>\n<meta name=\"twitter:creator\" content=\"@NITUmx\" \/>\n<meta name=\"twitter:site\" content=\"@Arturo_Medina_G\" \/>\n<meta name=\"twitter:label1\" content=\"Escrito por\" \/>\n\t<meta name=\"twitter:data1\" content=\"Alejandra Moncisbays\" \/>\n\t<meta name=\"twitter:label2\" content=\"Tiempo de lectura\" \/>\n\t<meta name=\"twitter:data2\" content=\"2 minutos\" \/>\n<script type=\"application\/ld+json\" class=\"yoast-schema-graph\">{\"@context\":\"https:\/\/schema.org\",\"@graph\":[{\"@type\":\"Article\",\"@id\":\"https:\/\/nitu.mx\/index.php\/2017\/07\/28\/ante-cambios-en-apoyo-del-cptm-para-las-ferias-hoteleros-de-cancun-analizan-asistencia\/#article\",\"isPartOf\":{\"@id\":\"https:\/\/nitu.mx\/index.php\/2017\/07\/28\/ante-cambios-en-apoyo-del-cptm-para-las-ferias-hoteleros-de-cancun-analizan-asistencia\/\"},\"author\":{\"name\":\"Alejandra Moncisbays\",\"@id\":\"https:\/\/nitu.mx\/#\/schema\/person\/2ecd887b19dfd3382d1f14fc5acf24a8\"},\"headline\":\"Ante cambios en apoyo del CPTM para las ferias, hoteleros de Canc\u00fan analizan asistencia\",\"datePublished\":\"2017-07-28T06:10:31+00:00\",\"dateModified\":\"2017-07-28T06:12:50+00:00\",\"mainEntityOfPage\":{\"@id\":\"https:\/\/nitu.mx\/index.php\/2017\/07\/28\/ante-cambios-en-apoyo-del-cptm-para-las-ferias-hoteleros-de-cancun-analizan-asistencia\/\"},\"wordCount\":402,\"commentCount\":0,\"publisher\":{\"@id\":\"https:\/\/nitu.mx\/#\/schema\/person\/ae7a53426417292d3dd07b45a33e01bc\"},\"image\":{\"@id\":\"https:\/\/nitu.mx\/index.php\/2017\/07\/28\/ante-cambios-en-apoyo-del-cptm-para-las-ferias-hoteleros-de-cancun-analizan-asistencia\/#primaryimage\"},\"thumbnailUrl\":\"https:\/\/nitu.mx\/wp-content\/uploads\/2017\/07\/gosselin.jpg\",\"keywords\":[\"Canc\u00fan\",\"Consejo de Promoci\u00f3n Tur\u00edstica de M\u00e9xico (CPTM)\",\"H\u00e9ctor Flores Santana\",\"World Travel Market (WTM)\"],\"articleSection\":[\"Marketing\",\"M\u00e9xico\"],\"inLanguage\":\"es-MX\",\"potentialAction\":[{\"@type\":\"CommentAction\",\"name\":\"Comment\",\"target\":[\"https:\/\/nitu.mx\/index.php\/2017\/07\/28\/ante-cambios-en-apoyo-del-cptm-para-las-ferias-hoteleros-de-cancun-analizan-asistencia\/#respond\"]}]},{\"@type\":\"WebPage\",\"@id\":\"https:\/\/nitu.mx\/index.php\/2017\/07\/28\/ante-cambios-en-apoyo-del-cptm-para-las-ferias-hoteleros-de-cancun-analizan-asistencia\/\",\"url\":\"https:\/\/nitu.mx\/index.php\/2017\/07\/28\/ante-cambios-en-apoyo-del-cptm-para-las-ferias-hoteleros-de-cancun-analizan-asistencia\/\",\"name\":\"Ante cambios en apoyo del CPTM para las ferias, hoteleros de Canc\u00fan analizan asistencia - Nitu - Noticias de la Industria Turistica\",\"isPartOf\":{\"@id\":\"https:\/\/nitu.mx\/#website\"},\"primaryImageOfPage\":{\"@id\":\"https:\/\/nitu.mx\/index.php\/2017\/07\/28\/ante-cambios-en-apoyo-del-cptm-para-las-ferias-hoteleros-de-cancun-analizan-asistencia\/#primaryimage\"},\"image\":{\"@id\":\"https:\/\/nitu.mx\/index.php\/2017\/07\/28\/ante-cambios-en-apoyo-del-cptm-para-las-ferias-hoteleros-de-cancun-analizan-asistencia\/#primaryimage\"},\"thumbnailUrl\":\"https:\/\/nitu.mx\/wp-content\/uploads\/2017\/07\/gosselin.jpg\",\"datePublished\":\"2017-07-28T06:10:31+00:00\",\"dateModified\":\"2017-07-28T06:12:50+00:00\",\"description\":\"El sector hotelero de Canc\u00fan analiza cu\u00e1les ser\u00e1n las ferias a las que acudir\u00e1n ante los cambios en precios y presupuestos del CPTM.\",\"breadcrumb\":{\"@id\":\"https:\/\/nitu.mx\/index.php\/2017\/07\/28\/ante-cambios-en-apoyo-del-cptm-para-las-ferias-hoteleros-de-cancun-analizan-asistencia\/#breadcrumb\"},\"inLanguage\":\"es-MX\",\"potentialAction\":[{\"@type\":\"ReadAction\",\"target\":[\"https:\/\/nitu.mx\/index.php\/2017\/07\/28\/ante-cambios-en-apoyo-del-cptm-para-las-ferias-hoteleros-de-cancun-analizan-asistencia\/\"]}]},{\"@type\":\"ImageObject\",\"inLanguage\":\"es-MX\",\"@id\":\"https:\/\/nitu.mx\/index.php\/2017\/07\/28\/ante-cambios-en-apoyo-del-cptm-para-las-ferias-hoteleros-de-cancun-analizan-asistencia\/#primaryimage\",\"url\":\"https:\/\/nitu.mx\/wp-content\/uploads\/2017\/07\/gosselin.jpg\",\"contentUrl\":\"https:\/\/nitu.mx\/wp-content\/uploads\/2017\/07\/gosselin.jpg\",\"width\":850,\"height\":480,\"caption\":\"Carlos Gosselin Canc\u00fan CPTM campa\u00f1a Travel Mart\"},{\"@type\":\"BreadcrumbList\",\"@id\":\"https:\/\/nitu.mx\/index.php\/2017\/07\/28\/ante-cambios-en-apoyo-del-cptm-para-las-ferias-hoteleros-de-cancun-analizan-asistencia\/#breadcrumb\",\"itemListElement\":[{\"@type\":\"ListItem\",\"position\":1,\"name\":\"Inicio\",\"item\":\"https:\/\/nitu.mx\/\"},{\"@type\":\"ListItem\",\"position\":2,\"name\":\"Ante cambios en apoyo del CPTM para las ferias, hoteleros de Canc\u00fan analizan asistencia\"}]},{\"@type\":\"WebSite\",\"@id\":\"https:\/\/nitu.mx\/#website\",\"url\":\"https:\/\/nitu.mx\/\",\"name\":\"Nitu - Noticias de la Industria Turistica\",\"description\":\"Noticias de la Industria Turistica\",\"publisher\":{\"@id\":\"https:\/\/nitu.mx\/#\/schema\/person\/ae7a53426417292d3dd07b45a33e01bc\"},\"alternateName\":\"Noticias de la Industria Turistica\",\"potentialAction\":[{\"@type\":\"SearchAction\",\"target\":{\"@type\":\"EntryPoint\",\"urlTemplate\":\"https:\/\/nitu.mx\/?s={search_term_string}\"},\"query-input\":\"required name=search_term_string\"}],\"inLanguage\":\"es-MX\"},{\"@type\":[\"Person\",\"Organization\"],\"@id\":\"https:\/\/nitu.mx\/#\/schema\/person\/ae7a53426417292d3dd07b45a33e01bc\",\"name\":\"Arturo Medina\",\"image\":{\"@type\":\"ImageObject\",\"inLanguage\":\"es-MX\",\"@id\":\"https:\/\/nitu.mx\/#\/schema\/person\/image\/\",\"url\":\"https:\/\/nitu.mx\/wp-content\/uploads\/2024\/04\/4A315622-1904-4D5C-B022-878CDC840E04-90x90-1.jpeg\",\"contentUrl\":\"https:\/\/nitu.mx\/wp-content\/uploads\/2024\/04\/4A315622-1904-4D5C-B022-878CDC840E04-90x90-1.jpeg\",\"width\":90,\"height\":90,\"caption\":\"Arturo Medina\"},\"logo\":{\"@id\":\"https:\/\/nitu.mx\/#\/schema\/person\/image\/\"},\"description\":\"Director NITU.mx, Egresado de la Escuela de Periodismo Carlos Septi\u00e9n Garc\u00eda. Periodista y analista especializado en turismo desde hace 35 a\u00f1os, radicado en Canc\u00fan Q.Roo. arturo@nitu.mx\",\"sameAs\":[\"https:\/\/nitu.mx\",\"https:\/\/www.facebook.com\/NITUmx\/\",\"medinacancun\",\"https:\/\/twitter.com\/@Arturo_Medina_G\"]},{\"@type\":\"Person\",\"@id\":\"https:\/\/nitu.mx\/#\/schema\/person\/2ecd887b19dfd3382d1f14fc5acf24a8\",\"name\":\"Alejandra Moncisbays\",\"image\":{\"@type\":\"ImageObject\",\"inLanguage\":\"es-MX\",\"@id\":\"https:\/\/nitu.mx\/#\/schema\/person\/image\/\",\"url\":\"https:\/\/secure.gravatar.com\/avatar\/e74f7af0be172b7804dacfd0bfbef787?s=96&d=mm&r=g\",\"contentUrl\":\"https:\/\/secure.gravatar.com\/avatar\/e74f7af0be172b7804dacfd0bfbef787?s=96&d=mm&r=g\",\"caption\":\"Alejandra Moncisbays\"},\"description\":\"Curs\u00e9 la carrera de Periodismo y Comunicaci\u00f3n en la Facultad de Estudios Profesionales Acatl\u00e1n. Vivo en Canc\u00fan desde hace 24 a\u00f1os. Fui reportera de La Tarde de Canc\u00fan, y Novedades de Quintana Roo, colabor\u00e9 en TVCUN, edit\u00e9 Cancun\u00edssimo y colabor\u00e9 en las revistas Latitud21, entre otras, con principal enfoque en los sectores empresarial y tur\u00edstico. Desde hace varios a\u00f1os soy Agente de Seguros con c\u00e9dula de la Comisi\u00f3n Nacional de Seguros y Fianzas. Actualmente, me desarrollo en los \u00e1mbitos del periodismo y el sector asegurador.\",\"sameAs\":[\"https:\/\/nitu.mx\"],\"url\":\"https:\/\/nitu.mx\/index.php\/author\/alejandra\/\"}]}<\/script>\n<!-- \/ Yoast SEO plugin. -->","yoast_head_json":{"title":"Ante cambios en apoyo del CPTM para las ferias, hoteleros de Canc\u00fan analizan asistencia - Nitu - Noticias de la Industria Turistica","description":"El sector hotelero de Canc\u00fan analiza cu\u00e1les ser\u00e1n las ferias a las que acudir\u00e1n ante los cambios en precios y presupuestos del CPTM.","robots":{"index":"index","follow":"follow","max-snippet":"max-snippet:-1","max-image-preview":"max-image-preview:large","max-video-preview":"max-video-preview:-1"},"canonical":"https:\/\/nitu.mx\/index.php\/2017\/07\/28\/ante-cambios-en-apoyo-del-cptm-para-las-ferias-hoteleros-de-cancun-analizan-asistencia\/","twitter_card":"summary_large_image","twitter_title":"Ante cambios en apoyo del CPTM para las ferias, hoteleros de Canc\u00fan analizan asistencia - Nitu - Noticias de la Industria Turistica","twitter_description":"El sector hotelero de Canc\u00fan analiza cu\u00e1les ser\u00e1n las ferias a las que acudir\u00e1n ante los cambios en precios y presupuestos del CPTM.","twitter_image":"https:\/\/nitu.mx\/wp-content\/uploads\/2017\/07\/gosselin.jpg","twitter_creator":"@NITUmx","twitter_site":"@Arturo_Medina_G","twitter_misc":{"Escrito por":"Alejandra Moncisbays","Tiempo de lectura":"2 minutos"},"schema":{"@context":"https:\/\/schema.org","@graph":[{"@type":"Article","@id":"https:\/\/nitu.mx\/index.php\/2017\/07\/28\/ante-cambios-en-apoyo-del-cptm-para-las-ferias-hoteleros-de-cancun-analizan-asistencia\/#article","isPartOf":{"@id":"https:\/\/nitu.mx\/index.php\/2017\/07\/28\/ante-cambios-en-apoyo-del-cptm-para-las-ferias-hoteleros-de-cancun-analizan-asistencia\/"},"author":{"name":"Alejandra Moncisbays","@id":"https:\/\/nitu.mx\/#\/schema\/person\/2ecd887b19dfd3382d1f14fc5acf24a8"},"headline":"Ante cambios en apoyo del CPTM para las ferias, hoteleros de Canc\u00fan analizan asistencia","datePublished":"2017-07-28T06:10:31+00:00","dateModified":"2017-07-28T06:12:50+00:00","mainEntityOfPage":{"@id":"https:\/\/nitu.mx\/index.php\/2017\/07\/28\/ante-cambios-en-apoyo-del-cptm-para-las-ferias-hoteleros-de-cancun-analizan-asistencia\/"},"wordCount":402,"commentCount":0,"publisher":{"@id":"https:\/\/nitu.mx\/#\/schema\/person\/ae7a53426417292d3dd07b45a33e01bc"},"image":{"@id":"https:\/\/nitu.mx\/index.php\/2017\/07\/28\/ante-cambios-en-apoyo-del-cptm-para-las-ferias-hoteleros-de-cancun-analizan-asistencia\/#primaryimage"},"thumbnailUrl":"https:\/\/nitu.mx\/wp-content\/uploads\/2017\/07\/gosselin.jpg","keywords":["Canc\u00fan","Consejo de Promoci\u00f3n Tur\u00edstica de M\u00e9xico (CPTM)","H\u00e9ctor Flores Santana","World Travel Market (WTM)"],"articleSection":["Marketing","M\u00e9xico"],"inLanguage":"es-MX","potentialAction":[{"@type":"CommentAction","name":"Comment","target":["https:\/\/nitu.mx\/index.php\/2017\/07\/28\/ante-cambios-en-apoyo-del-cptm-para-las-ferias-hoteleros-de-cancun-analizan-asistencia\/#respond"]}]},{"@type":"WebPage","@id":"https:\/\/nitu.mx\/index.php\/2017\/07\/28\/ante-cambios-en-apoyo-del-cptm-para-las-ferias-hoteleros-de-cancun-analizan-asistencia\/","url":"https:\/\/nitu.mx\/index.php\/2017\/07\/28\/ante-cambios-en-apoyo-del-cptm-para-las-ferias-hoteleros-de-cancun-analizan-asistencia\/","name":"Ante cambios en apoyo del CPTM para las ferias, hoteleros de Canc\u00fan analizan asistencia - Nitu - Noticias de la Industria Turistica","isPartOf":{"@id":"https:\/\/nitu.mx\/#website"},"primaryImageOfPage":{"@id":"https:\/\/nitu.mx\/index.php\/2017\/07\/28\/ante-cambios-en-apoyo-del-cptm-para-las-ferias-hoteleros-de-cancun-analizan-asistencia\/#primaryimage"},"image":{"@id":"https:\/\/nitu.mx\/index.php\/2017\/07\/28\/ante-cambios-en-apoyo-del-cptm-para-las-ferias-hoteleros-de-cancun-analizan-asistencia\/#primaryimage"},"thumbnailUrl":"https:\/\/nitu.mx\/wp-content\/uploads\/2017\/07\/gosselin.jpg","datePublished":"2017-07-28T06:10:31+00:00","dateModified":"2017-07-28T06:12:50+00:00","description":"El sector hotelero de Canc\u00fan analiza cu\u00e1les ser\u00e1n las ferias a las que acudir\u00e1n ante los cambios en precios y presupuestos del CPTM.","breadcrumb":{"@id":"https:\/\/nitu.mx\/index.php\/2017\/07\/28\/ante-cambios-en-apoyo-del-cptm-para-las-ferias-hoteleros-de-cancun-analizan-asistencia\/#breadcrumb"},"inLanguage":"es-MX","potentialAction":[{"@type":"ReadAction","target":["https:\/\/nitu.mx\/index.php\/2017\/07\/28\/ante-cambios-en-apoyo-del-cptm-para-las-ferias-hoteleros-de-cancun-analizan-asistencia\/"]}]},{"@type":"ImageObject","inLanguage":"es-MX","@id":"https:\/\/nitu.mx\/index.php\/2017\/07\/28\/ante-cambios-en-apoyo-del-cptm-para-las-ferias-hoteleros-de-cancun-analizan-asistencia\/#primaryimage","url":"https:\/\/nitu.mx\/wp-content\/uploads\/2017\/07\/gosselin.jpg","contentUrl":"https:\/\/nitu.mx\/wp-content\/uploads\/2017\/07\/gosselin.jpg","width":850,"height":480,"caption":"Carlos Gosselin Canc\u00fan CPTM campa\u00f1a Travel Mart"},{"@type":"BreadcrumbList","@id":"https:\/\/nitu.mx\/index.php\/2017\/07\/28\/ante-cambios-en-apoyo-del-cptm-para-las-ferias-hoteleros-de-cancun-analizan-asistencia\/#breadcrumb","itemListElement":[{"@type":"ListItem","position":1,"name":"Inicio","item":"https:\/\/nitu.mx\/"},{"@type":"ListItem","position":2,"name":"Ante cambios en apoyo del CPTM para las ferias, hoteleros de Canc\u00fan analizan asistencia"}]},{"@type":"WebSite","@id":"https:\/\/nitu.mx\/#website","url":"https:\/\/nitu.mx\/","name":"Nitu - Noticias de la Industria Turistica","description":"Noticias de la Industria Turistica","publisher":{"@id":"https:\/\/nitu.mx\/#\/schema\/person\/ae7a53426417292d3dd07b45a33e01bc"},"alternateName":"Noticias de la Industria Turistica","potentialAction":[{"@type":"SearchAction","target":{"@type":"EntryPoint","urlTemplate":"https:\/\/nitu.mx\/?s={search_term_string}"},"query-input":"required name=search_term_string"}],"inLanguage":"es-MX"},{"@type":["Person","Organization"],"@id":"https:\/\/nitu.mx\/#\/schema\/person\/ae7a53426417292d3dd07b45a33e01bc","name":"Arturo Medina","image":{"@type":"ImageObject","inLanguage":"es-MX","@id":"https:\/\/nitu.mx\/#\/schema\/person\/image\/","url":"https:\/\/nitu.mx\/wp-content\/uploads\/2024\/04\/4A315622-1904-4D5C-B022-878CDC840E04-90x90-1.jpeg","contentUrl":"https:\/\/nitu.mx\/wp-content\/uploads\/2024\/04\/4A315622-1904-4D5C-B022-878CDC840E04-90x90-1.jpeg","width":90,"height":90,"caption":"Arturo Medina"},"logo":{"@id":"https:\/\/nitu.mx\/#\/schema\/person\/image\/"},"description":"Director NITU.mx, Egresado de la Escuela de Periodismo Carlos Septi\u00e9n Garc\u00eda. Periodista y analista especializado en turismo desde hace 35 a\u00f1os, radicado en Canc\u00fan Q.Roo. arturo@nitu.mx","sameAs":["https:\/\/nitu.mx","https:\/\/www.facebook.com\/NITUmx\/","medinacancun","https:\/\/twitter.com\/@Arturo_Medina_G"]},{"@type":"Person","@id":"https:\/\/nitu.mx\/#\/schema\/person\/2ecd887b19dfd3382d1f14fc5acf24a8","name":"Alejandra Moncisbays","image":{"@type":"ImageObject","inLanguage":"es-MX","@id":"https:\/\/nitu.mx\/#\/schema\/person\/image\/","url":"https:\/\/secure.gravatar.com\/avatar\/e74f7af0be172b7804dacfd0bfbef787?s=96&d=mm&r=g","contentUrl":"https:\/\/secure.gravatar.com\/avatar\/e74f7af0be172b7804dacfd0bfbef787?s=96&d=mm&r=g","caption":"Alejandra Moncisbays"},"description":"Curs\u00e9 la carrera de Periodismo y Comunicaci\u00f3n en la Facultad de Estudios Profesionales Acatl\u00e1n. Vivo en Canc\u00fan desde hace 24 a\u00f1os. Fui reportera de La Tarde de Canc\u00fan, y Novedades de Quintana Roo, colabor\u00e9 en TVCUN, edit\u00e9 Cancun\u00edssimo y colabor\u00e9 en las revistas Latitud21, entre otras, con principal enfoque en los sectores empresarial y tur\u00edstico. Desde hace varios a\u00f1os soy Agente de Seguros con c\u00e9dula de la Comisi\u00f3n Nacional de Seguros y Fianzas. Actualmente, me desarrollo en los \u00e1mbitos del periodismo y el sector asegurador.","sameAs":["https:\/\/nitu.mx"],"url":"https:\/\/nitu.mx\/index.php\/author\/alejandra\/"}]}},"views":211,"_links":{"self":[{"href":"https:\/\/nitu.mx\/index.php\/wp-json\/wp\/v2\/posts\/11769"}],"collection":[{"href":"https:\/\/nitu.mx\/index.php\/wp-json\/wp\/v2\/posts"}],"about":[{"href":"https:\/\/nitu.mx\/index.php\/wp-json\/wp\/v2\/types\/post"}],"author":[{"embeddable":true,"href":"https:\/\/nitu.mx\/index.php\/wp-json\/wp\/v2\/users\/3"}],"replies":[{"embeddable":true,"href":"https:\/\/nitu.mx\/index.php\/wp-json\/wp\/v2\/comments?post=11769"}],"version-history":[{"count":3,"href":"https:\/\/nitu.mx\/index.php\/wp-json\/wp\/v2\/posts\/11769\/revisions"}],"predecessor-version":[{"id":11787,"href":"https:\/\/nitu.mx\/index.php\/wp-json\/wp\/v2\/posts\/11769\/revisions\/11787"}],"wp:featuredmedia":[{"embeddable":true,"href":"https:\/\/nitu.mx\/index.php\/wp-json\/wp\/v2\/media\/11786"}],"wp:attachment":[{"href":"https:\/\/nitu.mx\/index.php\/wp-json\/wp\/v2\/media?parent=11769"}],"wp:term":[{"taxonomy":"category","embeddable":true,"href":"https:\/\/nitu.mx\/index.php\/wp-json\/wp\/v2\/categories?post=11769"},{"taxonomy":"post_tag","embeddable":true,"href":"https:\/\/nitu.mx\/index.php\/wp-json\/wp\/v2\/tags?post=11769"}],"curies":[{"name":"wp","href":"https:\/\/api.w.org\/{rel}","templated":true}]}}