{"id":11765,"date":"2017-07-28T00:41:52","date_gmt":"2017-07-28T05:41:52","guid":{"rendered":"http:\/\/www.dev.nitu.mx\/?p=11765"},"modified":"2017-07-28T01:13:00","modified_gmt":"2017-07-28T06:13:00","slug":"se-preparan-para-revisar-impacto-de-airbnb-en-mexico","status":"publish","type":"post","link":"https:\/\/nitu.mx\/index.php\/2017\/07\/28\/se-preparan-para-revisar-impacto-de-airbnb-en-mexico\/","title":{"rendered":"Se preparan para revisar impacto de Airbnb en M\u00e9xico"},"content":{"rendered":"<p>La semana pasada, Tere Sol\u00eds, subsecretaria de Planeaci\u00f3n de la Secretar\u00eda de Turismo, convoc\u00f3 a una reuni\u00f3n preliminar para revisar el uso de Airbnb, al ser un tema que ya le preocupa a los empresarios involucrados en el negocio del hospedaje.<\/p>\n<p>De acuerdo con algunas estimaciones, ya est\u00e1 generando ventas por m\u00e1s de un mill\u00f3n de cuartos noche al a\u00f1o en M\u00e9xico, lo que genera una competencia desleal a los hoteles que s\u00ed pagan impuestos.<\/p>\n<p>Por lo pronto, se est\u00e1 analizando de qu\u00e9 manera se tomar\u00e1n diversas opiniones respecto del tema y, adem\u00e1s, c\u00f3mo generar informaci\u00f3n realmente confiable y seria.<\/p>\n<p>Una de las propuestas es organizar algunos foros en todo el pa\u00eds, a partir de los cuales se tomar\u00e1n decisiones sobre c\u00f3mo actuar en el futuro.<\/p>\n<p>La otra posibilidad es contratar un estudio para tener informaci\u00f3n m\u00e1s confiable que la que existe en este momento.<\/p>\n<p>Tambi\u00e9n se identificaron participantes clave del grupo de trabajo y entre ellos destacan la propia Secretar\u00eda de Turismo, la Asociaci\u00f3n de Secretarios de Turismo de los Estados (Asetur), adem\u00e1s de que se invitar\u00e1 a la Procuradur\u00eda Federal del Consumidor y tambi\u00e9n al Servicio de Administraci\u00f3n Tributaria. (<a title=\"Est\u00e1 Airbnb en la mira del SAT\" href=\"http:\/\/www.dev.nitu.mx\/index.php\/2017\/02\/13\/esta-airbnb-en-la-mira-del-sat\/\" rel=\"bookmark\">Est\u00e1 Airbnb en la mira del SAT<\/a>).<\/p>\n<p>Este asunto ha ido creciendo y de lo que se haga o no impactar\u00e1 incluso en las inversiones y planes de negocio de la hoteler\u00eda en nuestro pa\u00eds, se\u00f1ala Veranda de Dinero en Imagen.<\/p>\n","protected":false},"excerpt":{"rendered":"<p>La semana pasada, Tere Sol\u00eds, subsecretaria de Planeaci\u00f3n de la Secretar\u00eda de Turismo, convoc\u00f3 a una reuni\u00f3n preliminar para revisar el uso de Airbnb, al ser un tema que ya le preocupa a los empresarios involucrados en el negocio del hospedaje. De acuerdo con algunas estimaciones, ya est\u00e1 generando ventas por m\u00e1s de un mill\u00f3n [&hellip;]<\/p>\n","protected":false},"author":17,"featured_media":7345,"comment_status":"open","ping_status":"open","sticky":false,"template":"","format":"standard","meta":{"footnotes":""},"categories":[12,6],"tags":[1253,5291,5214,68,2495,254,4737,3805,3804],"yoast_head":"<!-- This site is optimized with the Yoast SEO plugin v22.2 - https:\/\/yoast.com\/wordpress\/plugins\/seo\/ -->\n<title>Se preparan para revisar impacto de Airbnb en M\u00e9xico - Nitu - Noticias de la Industria Turistica<\/title>\n<meta name=\"description\" content=\"Tere Sol\u00eds, subsecretaria de Planeaci\u00f3n de la Secretar\u00eda de Turismo, convoc\u00f3 a una reuni\u00f3n preliminar para revisar el uso de Airbnb.\" \/>\n<meta name=\"robots\" content=\"index, follow, max-snippet:-1, max-image-preview:large, max-video-preview:-1\" \/>\n<link rel=\"canonical\" href=\"https:\/\/nitu.mx\/index.php\/2017\/07\/28\/se-preparan-para-revisar-impacto-de-airbnb-en-mexico\/\" \/>\n<meta name=\"twitter:card\" content=\"summary_large_image\" \/>\n<meta name=\"twitter:title\" content=\"Se preparan para revisar impacto de Airbnb en M\u00e9xico - Nitu - Noticias de la Industria Turistica\" \/>\n<meta name=\"twitter:description\" content=\"Tere Sol\u00eds, subsecretaria de Planeaci\u00f3n de la Secretar\u00eda de Turismo, convoc\u00f3 a una reuni\u00f3n preliminar para revisar el uso de Airbnb.\" \/>\n<meta name=\"twitter:image\" content=\"https:\/\/nitu.mx\/wp-content\/uploads\/2017\/02\/CDMX-Airbnb-1.jpg\" \/>\n<meta name=\"twitter:creator\" content=\"@NITUmx\" \/>\n<meta name=\"twitter:site\" content=\"@Arturo_Medina_G\" \/>\n<meta name=\"twitter:label1\" content=\"Escrito por\" \/>\n\t<meta name=\"twitter:data1\" content=\"Redacci\u00f3n\" \/>\n\t<meta name=\"twitter:label2\" content=\"Tiempo de lectura\" \/>\n\t<meta name=\"twitter:data2\" content=\"1 minuto\" \/>\n<script type=\"application\/ld+json\" class=\"yoast-schema-graph\">{\"@context\":\"https:\/\/schema.org\",\"@graph\":[{\"@type\":\"Article\",\"@id\":\"https:\/\/nitu.mx\/index.php\/2017\/07\/28\/se-preparan-para-revisar-impacto-de-airbnb-en-mexico\/#article\",\"isPartOf\":{\"@id\":\"https:\/\/nitu.mx\/index.php\/2017\/07\/28\/se-preparan-para-revisar-impacto-de-airbnb-en-mexico\/\"},\"author\":{\"name\":\"Redacci\u00f3n\",\"@id\":\"https:\/\/nitu.mx\/#\/schema\/person\/4a28fe9bd65924f7c90623773daf1b0b\"},\"headline\":\"Se preparan para revisar impacto de Airbnb en M\u00e9xico\",\"datePublished\":\"2017-07-28T05:41:52+00:00\",\"dateModified\":\"2017-07-28T06:13:00+00:00\",\"mainEntityOfPage\":{\"@id\":\"https:\/\/nitu.mx\/index.php\/2017\/07\/28\/se-preparan-para-revisar-impacto-de-airbnb-en-mexico\/\"},\"wordCount\":269,\"commentCount\":0,\"publisher\":{\"@id\":\"https:\/\/nitu.mx\/#\/schema\/person\/ae7a53426417292d3dd07b45a33e01bc\"},\"image\":{\"@id\":\"https:\/\/nitu.mx\/index.php\/2017\/07\/28\/se-preparan-para-revisar-impacto-de-airbnb-en-mexico\/#primaryimage\"},\"thumbnailUrl\":\"https:\/\/nitu.mx\/wp-content\/uploads\/2017\/02\/CDMX-Airbnb-1.jpg\",\"keywords\":[\"Airbnb\",\"Asociaci\u00f3n de Secretarios de Turismo de los Estados (Asetur)\",\"hospedaje\",\"M\u00e9xico\",\"Procuradur\u00eda Federal del Consumidor\",\"Secretar\u00eda de Turismo\",\"Servicio de Administraci\u00f3n Tributaria\",\"subsecretaria de Planeaci\u00f3n de la Secretar\u00eda de Turismo\",\"Tere Sol\u00eds\"],\"articleSection\":[\"Marketing\",\"M\u00e9xico\"],\"inLanguage\":\"es-MX\",\"potentialAction\":[{\"@type\":\"CommentAction\",\"name\":\"Comment\",\"target\":[\"https:\/\/nitu.mx\/index.php\/2017\/07\/28\/se-preparan-para-revisar-impacto-de-airbnb-en-mexico\/#respond\"]}]},{\"@type\":\"WebPage\",\"@id\":\"https:\/\/nitu.mx\/index.php\/2017\/07\/28\/se-preparan-para-revisar-impacto-de-airbnb-en-mexico\/\",\"url\":\"https:\/\/nitu.mx\/index.php\/2017\/07\/28\/se-preparan-para-revisar-impacto-de-airbnb-en-mexico\/\",\"name\":\"Se preparan para revisar impacto de Airbnb en M\u00e9xico - Nitu - Noticias de la Industria Turistica\",\"isPartOf\":{\"@id\":\"https:\/\/nitu.mx\/#website\"},\"primaryImageOfPage\":{\"@id\":\"https:\/\/nitu.mx\/index.php\/2017\/07\/28\/se-preparan-para-revisar-impacto-de-airbnb-en-mexico\/#primaryimage\"},\"image\":{\"@id\":\"https:\/\/nitu.mx\/index.php\/2017\/07\/28\/se-preparan-para-revisar-impacto-de-airbnb-en-mexico\/#primaryimage\"},\"thumbnailUrl\":\"https:\/\/nitu.mx\/wp-content\/uploads\/2017\/02\/CDMX-Airbnb-1.jpg\",\"datePublished\":\"2017-07-28T05:41:52+00:00\",\"dateModified\":\"2017-07-28T06:13:00+00:00\",\"description\":\"Tere Sol\u00eds, subsecretaria de Planeaci\u00f3n de la Secretar\u00eda de Turismo, convoc\u00f3 a una reuni\u00f3n preliminar para revisar el uso de Airbnb.\",\"breadcrumb\":{\"@id\":\"https:\/\/nitu.mx\/index.php\/2017\/07\/28\/se-preparan-para-revisar-impacto-de-airbnb-en-mexico\/#breadcrumb\"},\"inLanguage\":\"es-MX\",\"potentialAction\":[{\"@type\":\"ReadAction\",\"target\":[\"https:\/\/nitu.mx\/index.php\/2017\/07\/28\/se-preparan-para-revisar-impacto-de-airbnb-en-mexico\/\"]}]},{\"@type\":\"ImageObject\",\"inLanguage\":\"es-MX\",\"@id\":\"https:\/\/nitu.mx\/index.php\/2017\/07\/28\/se-preparan-para-revisar-impacto-de-airbnb-en-mexico\/#primaryimage\",\"url\":\"https:\/\/nitu.mx\/wp-content\/uploads\/2017\/02\/CDMX-Airbnb-1.jpg\",\"contentUrl\":\"https:\/\/nitu.mx\/wp-content\/uploads\/2017\/02\/CDMX-Airbnb-1.jpg\",\"width\":850,\"height\":480,\"caption\":\"Airbnb\"},{\"@type\":\"BreadcrumbList\",\"@id\":\"https:\/\/nitu.mx\/index.php\/2017\/07\/28\/se-preparan-para-revisar-impacto-de-airbnb-en-mexico\/#breadcrumb\",\"itemListElement\":[{\"@type\":\"ListItem\",\"position\":1,\"name\":\"Inicio\",\"item\":\"https:\/\/nitu.mx\/\"},{\"@type\":\"ListItem\",\"position\":2,\"name\":\"Se preparan para revisar impacto de Airbnb en M\u00e9xico\"}]},{\"@type\":\"WebSite\",\"@id\":\"https:\/\/nitu.mx\/#website\",\"url\":\"https:\/\/nitu.mx\/\",\"name\":\"Nitu - Noticias de la Industria Turistica\",\"description\":\"Noticias de la Industria Turistica\",\"publisher\":{\"@id\":\"https:\/\/nitu.mx\/#\/schema\/person\/ae7a53426417292d3dd07b45a33e01bc\"},\"alternateName\":\"Noticias de la Industria Turistica\",\"potentialAction\":[{\"@type\":\"SearchAction\",\"target\":{\"@type\":\"EntryPoint\",\"urlTemplate\":\"https:\/\/nitu.mx\/?s={search_term_string}\"},\"query-input\":\"required name=search_term_string\"}],\"inLanguage\":\"es-MX\"},{\"@type\":[\"Person\",\"Organization\"],\"@id\":\"https:\/\/nitu.mx\/#\/schema\/person\/ae7a53426417292d3dd07b45a33e01bc\",\"name\":\"Arturo Medina\",\"image\":{\"@type\":\"ImageObject\",\"inLanguage\":\"es-MX\",\"@id\":\"https:\/\/nitu.mx\/#\/schema\/person\/image\/\",\"url\":\"https:\/\/nitu.mx\/wp-content\/uploads\/2024\/04\/4A315622-1904-4D5C-B022-878CDC840E04-90x90-1.jpeg\",\"contentUrl\":\"https:\/\/nitu.mx\/wp-content\/uploads\/2024\/04\/4A315622-1904-4D5C-B022-878CDC840E04-90x90-1.jpeg\",\"width\":90,\"height\":90,\"caption\":\"Arturo Medina\"},\"logo\":{\"@id\":\"https:\/\/nitu.mx\/#\/schema\/person\/image\/\"},\"description\":\"Director NITU.mx, Egresado de la Escuela de Periodismo Carlos Septi\u00e9n Garc\u00eda. Periodista y analista especializado en turismo desde hace 35 a\u00f1os, radicado en Canc\u00fan Q.Roo. arturo@nitu.mx\",\"sameAs\":[\"https:\/\/nitu.mx\",\"https:\/\/www.facebook.com\/NITUmx\/\",\"medinacancun\",\"https:\/\/twitter.com\/@Arturo_Medina_G\"]},{\"@type\":\"Person\",\"@id\":\"https:\/\/nitu.mx\/#\/schema\/person\/4a28fe9bd65924f7c90623773daf1b0b\",\"name\":\"Redacci\u00f3n\",\"image\":{\"@type\":\"ImageObject\",\"inLanguage\":\"es-MX\",\"@id\":\"https:\/\/nitu.mx\/#\/schema\/person\/image\/\",\"url\":\"https:\/\/secure.gravatar.com\/avatar\/5dd011c8ccfc5cd7e4c81e42252aab38?s=96&d=mm&r=g\",\"contentUrl\":\"https:\/\/secure.gravatar.com\/avatar\/5dd011c8ccfc5cd7e4c81e42252aab38?s=96&d=mm&r=g\",\"caption\":\"Redacci\u00f3n\"},\"url\":\"https:\/\/nitu.mx\/index.php\/author\/redaccion\/\"}]}<\/script>\n<!-- \/ Yoast SEO plugin. -->","yoast_head_json":{"title":"Se preparan para revisar impacto de Airbnb en M\u00e9xico - Nitu - Noticias de la Industria Turistica","description":"Tere Sol\u00eds, subsecretaria de Planeaci\u00f3n de la Secretar\u00eda de Turismo, convoc\u00f3 a una reuni\u00f3n preliminar para revisar el uso de Airbnb.","robots":{"index":"index","follow":"follow","max-snippet":"max-snippet:-1","max-image-preview":"max-image-preview:large","max-video-preview":"max-video-preview:-1"},"canonical":"https:\/\/nitu.mx\/index.php\/2017\/07\/28\/se-preparan-para-revisar-impacto-de-airbnb-en-mexico\/","twitter_card":"summary_large_image","twitter_title":"Se preparan para revisar impacto de Airbnb en M\u00e9xico - Nitu - Noticias de la Industria Turistica","twitter_description":"Tere Sol\u00eds, subsecretaria de Planeaci\u00f3n de la Secretar\u00eda de Turismo, convoc\u00f3 a una reuni\u00f3n preliminar para revisar el uso de Airbnb.","twitter_image":"https:\/\/nitu.mx\/wp-content\/uploads\/2017\/02\/CDMX-Airbnb-1.jpg","twitter_creator":"@NITUmx","twitter_site":"@Arturo_Medina_G","twitter_misc":{"Escrito por":"Redacci\u00f3n","Tiempo de lectura":"1 minuto"},"schema":{"@context":"https:\/\/schema.org","@graph":[{"@type":"Article","@id":"https:\/\/nitu.mx\/index.php\/2017\/07\/28\/se-preparan-para-revisar-impacto-de-airbnb-en-mexico\/#article","isPartOf":{"@id":"https:\/\/nitu.mx\/index.php\/2017\/07\/28\/se-preparan-para-revisar-impacto-de-airbnb-en-mexico\/"},"author":{"name":"Redacci\u00f3n","@id":"https:\/\/nitu.mx\/#\/schema\/person\/4a28fe9bd65924f7c90623773daf1b0b"},"headline":"Se preparan para revisar impacto de Airbnb en M\u00e9xico","datePublished":"2017-07-28T05:41:52+00:00","dateModified":"2017-07-28T06:13:00+00:00","mainEntityOfPage":{"@id":"https:\/\/nitu.mx\/index.php\/2017\/07\/28\/se-preparan-para-revisar-impacto-de-airbnb-en-mexico\/"},"wordCount":269,"commentCount":0,"publisher":{"@id":"https:\/\/nitu.mx\/#\/schema\/person\/ae7a53426417292d3dd07b45a33e01bc"},"image":{"@id":"https:\/\/nitu.mx\/index.php\/2017\/07\/28\/se-preparan-para-revisar-impacto-de-airbnb-en-mexico\/#primaryimage"},"thumbnailUrl":"https:\/\/nitu.mx\/wp-content\/uploads\/2017\/02\/CDMX-Airbnb-1.jpg","keywords":["Airbnb","Asociaci\u00f3n de Secretarios de Turismo de los Estados (Asetur)","hospedaje","M\u00e9xico","Procuradur\u00eda Federal del Consumidor","Secretar\u00eda de Turismo","Servicio de Administraci\u00f3n Tributaria","subsecretaria de Planeaci\u00f3n de la Secretar\u00eda de Turismo","Tere Sol\u00eds"],"articleSection":["Marketing","M\u00e9xico"],"inLanguage":"es-MX","potentialAction":[{"@type":"CommentAction","name":"Comment","target":["https:\/\/nitu.mx\/index.php\/2017\/07\/28\/se-preparan-para-revisar-impacto-de-airbnb-en-mexico\/#respond"]}]},{"@type":"WebPage","@id":"https:\/\/nitu.mx\/index.php\/2017\/07\/28\/se-preparan-para-revisar-impacto-de-airbnb-en-mexico\/","url":"https:\/\/nitu.mx\/index.php\/2017\/07\/28\/se-preparan-para-revisar-impacto-de-airbnb-en-mexico\/","name":"Se preparan para revisar impacto de Airbnb en M\u00e9xico - Nitu - Noticias de la Industria Turistica","isPartOf":{"@id":"https:\/\/nitu.mx\/#website"},"primaryImageOfPage":{"@id":"https:\/\/nitu.mx\/index.php\/2017\/07\/28\/se-preparan-para-revisar-impacto-de-airbnb-en-mexico\/#primaryimage"},"image":{"@id":"https:\/\/nitu.mx\/index.php\/2017\/07\/28\/se-preparan-para-revisar-impacto-de-airbnb-en-mexico\/#primaryimage"},"thumbnailUrl":"https:\/\/nitu.mx\/wp-content\/uploads\/2017\/02\/CDMX-Airbnb-1.jpg","datePublished":"2017-07-28T05:41:52+00:00","dateModified":"2017-07-28T06:13:00+00:00","description":"Tere Sol\u00eds, subsecretaria de Planeaci\u00f3n de la Secretar\u00eda de Turismo, convoc\u00f3 a una reuni\u00f3n preliminar para revisar el uso de Airbnb.","breadcrumb":{"@id":"https:\/\/nitu.mx\/index.php\/2017\/07\/28\/se-preparan-para-revisar-impacto-de-airbnb-en-mexico\/#breadcrumb"},"inLanguage":"es-MX","potentialAction":[{"@type":"ReadAction","target":["https:\/\/nitu.mx\/index.php\/2017\/07\/28\/se-preparan-para-revisar-impacto-de-airbnb-en-mexico\/"]}]},{"@type":"ImageObject","inLanguage":"es-MX","@id":"https:\/\/nitu.mx\/index.php\/2017\/07\/28\/se-preparan-para-revisar-impacto-de-airbnb-en-mexico\/#primaryimage","url":"https:\/\/nitu.mx\/wp-content\/uploads\/2017\/02\/CDMX-Airbnb-1.jpg","contentUrl":"https:\/\/nitu.mx\/wp-content\/uploads\/2017\/02\/CDMX-Airbnb-1.jpg","width":850,"height":480,"caption":"Airbnb"},{"@type":"BreadcrumbList","@id":"https:\/\/nitu.mx\/index.php\/2017\/07\/28\/se-preparan-para-revisar-impacto-de-airbnb-en-mexico\/#breadcrumb","itemListElement":[{"@type":"ListItem","position":1,"name":"Inicio","item":"https:\/\/nitu.mx\/"},{"@type":"ListItem","position":2,"name":"Se preparan para revisar impacto de Airbnb en M\u00e9xico"}]},{"@type":"WebSite","@id":"https:\/\/nitu.mx\/#website","url":"https:\/\/nitu.mx\/","name":"Nitu - Noticias de la Industria Turistica","description":"Noticias de la Industria Turistica","publisher":{"@id":"https:\/\/nitu.mx\/#\/schema\/person\/ae7a53426417292d3dd07b45a33e01bc"},"alternateName":"Noticias de la Industria Turistica","potentialAction":[{"@type":"SearchAction","target":{"@type":"EntryPoint","urlTemplate":"https:\/\/nitu.mx\/?s={search_term_string}"},"query-input":"required name=search_term_string"}],"inLanguage":"es-MX"},{"@type":["Person","Organization"],"@id":"https:\/\/nitu.mx\/#\/schema\/person\/ae7a53426417292d3dd07b45a33e01bc","name":"Arturo Medina","image":{"@type":"ImageObject","inLanguage":"es-MX","@id":"https:\/\/nitu.mx\/#\/schema\/person\/image\/","url":"https:\/\/nitu.mx\/wp-content\/uploads\/2024\/04\/4A315622-1904-4D5C-B022-878CDC840E04-90x90-1.jpeg","contentUrl":"https:\/\/nitu.mx\/wp-content\/uploads\/2024\/04\/4A315622-1904-4D5C-B022-878CDC840E04-90x90-1.jpeg","width":90,"height":90,"caption":"Arturo Medina"},"logo":{"@id":"https:\/\/nitu.mx\/#\/schema\/person\/image\/"},"description":"Director NITU.mx, Egresado de la Escuela de Periodismo Carlos Septi\u00e9n Garc\u00eda. Periodista y analista especializado en turismo desde hace 35 a\u00f1os, radicado en Canc\u00fan Q.Roo. arturo@nitu.mx","sameAs":["https:\/\/nitu.mx","https:\/\/www.facebook.com\/NITUmx\/","medinacancun","https:\/\/twitter.com\/@Arturo_Medina_G"]},{"@type":"Person","@id":"https:\/\/nitu.mx\/#\/schema\/person\/4a28fe9bd65924f7c90623773daf1b0b","name":"Redacci\u00f3n","image":{"@type":"ImageObject","inLanguage":"es-MX","@id":"https:\/\/nitu.mx\/#\/schema\/person\/image\/","url":"https:\/\/secure.gravatar.com\/avatar\/5dd011c8ccfc5cd7e4c81e42252aab38?s=96&d=mm&r=g","contentUrl":"https:\/\/secure.gravatar.com\/avatar\/5dd011c8ccfc5cd7e4c81e42252aab38?s=96&d=mm&r=g","caption":"Redacci\u00f3n"},"url":"https:\/\/nitu.mx\/index.php\/author\/redaccion\/"}]}},"views":302,"_links":{"self":[{"href":"https:\/\/nitu.mx\/index.php\/wp-json\/wp\/v2\/posts\/11765"}],"collection":[{"href":"https:\/\/nitu.mx\/index.php\/wp-json\/wp\/v2\/posts"}],"about":[{"href":"https:\/\/nitu.mx\/index.php\/wp-json\/wp\/v2\/types\/post"}],"author":[{"embeddable":true,"href":"https:\/\/nitu.mx\/index.php\/wp-json\/wp\/v2\/users\/17"}],"replies":[{"embeddable":true,"href":"https:\/\/nitu.mx\/index.php\/wp-json\/wp\/v2\/comments?post=11765"}],"version-history":[{"count":3,"href":"https:\/\/nitu.mx\/index.php\/wp-json\/wp\/v2\/posts\/11765\/revisions"}],"predecessor-version":[{"id":11783,"href":"https:\/\/nitu.mx\/index.php\/wp-json\/wp\/v2\/posts\/11765\/revisions\/11783"}],"wp:featuredmedia":[{"embeddable":true,"href":"https:\/\/nitu.mx\/index.php\/wp-json\/wp\/v2\/media\/7345"}],"wp:attachment":[{"href":"https:\/\/nitu.mx\/index.php\/wp-json\/wp\/v2\/media?parent=11765"}],"wp:term":[{"taxonomy":"category","embeddable":true,"href":"https:\/\/nitu.mx\/index.php\/wp-json\/wp\/v2\/categories?post=11765"},{"taxonomy":"post_tag","embeddable":true,"href":"https:\/\/nitu.mx\/index.php\/wp-json\/wp\/v2\/tags?post=11765"}],"curies":[{"name":"wp","href":"https:\/\/api.w.org\/{rel}","templated":true}]}}