{"id":11761,"date":"2017-07-27T22:34:02","date_gmt":"2017-07-28T03:34:02","guid":{"rendered":"http:\/\/www.dev.nitu.mx\/?p=11761"},"modified":"2017-07-28T01:13:10","modified_gmt":"2017-07-28T06:13:10","slug":"aeromexico-y-delta-interponen-recursos-legales-contra-la-cofece","status":"publish","type":"post","link":"https:\/\/nitu.mx\/index.php\/2017\/07\/27\/aeromexico-y-delta-interponen-recursos-legales-contra-la-cofece\/","title":{"rendered":"Aerom\u00e9xico y Delta interponen recursos legales contra la Cofece"},"content":{"rendered":"<p>Las aerol\u00edneas Aerom\u00e9xico y su socia estadounidense Delta, que controlaban casi 50 por ciento de los horarios de vuelo en el Aeropuerto Internacional de la Ciudad de M\u00e9xico (AICM), se amparan contra las medidas que impuso la Comisi\u00f3n Federal de Competencia Econ\u00f3mica (Cofece), respecto del proceso de asignaci\u00f3n de horarios de aterrizaje y despegue \u2013conocidos en la industria como slots-, que impuso en el AICM.<\/p>\n<p>El \u00f3rgano regulador de competencia, emiti\u00f3 a principios de este mes, una serie de medidas correctivas para que la autoridad tenga reglas claras en la asignaci\u00f3n de los horarios de aterrizaje y despegue, en el saturado aeropuerto capitalino.<\/p>\n<p>La resoluci\u00f3n de la Cofece, entre otras medidas, pone en marcha un mecanismo de subasta de horarios de vuelo; limita la asignaci\u00f3n horarios a las aerol\u00edneas que tengan m\u00e1s de 35 por ciento de los slots, y exige retiro de slots a las aerol\u00edneas impuntuales, como en su momento se dijo en <em><strong>NITU.mx<\/strong><\/em>\u00a0(<a title=\"Pone en riesgo la Cofece el futuro de la aeron\u00e1utica en M\u00e9xico\" href=\"http:\/\/www.dev.nitu.mx\/index.php\/2017\/07\/09\/pone-en-riesgo-la-cofece-el-futuro-de-la-aeronautica-en-mexico\/\" rel=\"bookmark\">Pone en riesgo la Cofece el futuro de la aeron\u00e1utica en M\u00e9xico<\/a>).<\/p>\n<p>Las aerol\u00edneas tambi\u00e9n rebaten que el regulador haya determinado con poder sustancial a Aerom\u00e9xico y Delta, as\u00ed como definir a los slots como un insumo esencial.<\/p>\n<p>El juez primero admiti\u00f3 de manera parcial algunos de los argumentos de la demanda, sin embargo, en la lista p\u00fablica no se detallan los puntos que fueron desechados, informa Expansi\u00f3n.mx.<\/p>\n","protected":false},"excerpt":{"rendered":"<p>Las aerol\u00edneas Aerom\u00e9xico y su socia estadounidense Delta, que controlaban casi 50 por ciento de los horarios de vuelo en el Aeropuerto Internacional de la Ciudad de M\u00e9xico (AICM), se amparan contra las medidas que impuso la Comisi\u00f3n Federal de Competencia Econ\u00f3mica (Cofece), respecto del proceso de asignaci\u00f3n de horarios de aterrizaje y despegue \u2013conocidos [&hellip;]<\/p>\n","protected":false},"author":17,"featured_media":7241,"comment_status":"open","ping_status":"open","sticky":false,"template":"","format":"standard","meta":{"footnotes":""},"categories":[29,6],"tags":[2259,30,4697,1342,765,534,1825],"yoast_head":"<!-- This site is optimized with the Yoast SEO plugin v22.2 - https:\/\/yoast.com\/wordpress\/plugins\/seo\/ -->\n<title>Aerom\u00e9xico y Delta interponen recursos legales contra la Cofece - Nitu - Noticias de la Industria Turistica<\/title>\n<meta name=\"description\" content=\"Aerom\u00e9xico y Delta se amparan contra las medidas que impuso la Cofece, respecto del proceso de asignaci\u00f3n de horarios de aterrizaje y despegue\" \/>\n<meta name=\"robots\" content=\"index, follow, max-snippet:-1, max-image-preview:large, max-video-preview:-1\" \/>\n<link rel=\"canonical\" href=\"https:\/\/nitu.mx\/index.php\/2017\/07\/27\/aeromexico-y-delta-interponen-recursos-legales-contra-la-cofece\/\" \/>\n<meta name=\"twitter:card\" content=\"summary_large_image\" \/>\n<meta name=\"twitter:title\" content=\"Aerom\u00e9xico y Delta interponen recursos legales contra la Cofece - Nitu - Noticias de la Industria Turistica\" \/>\n<meta name=\"twitter:description\" content=\"Aerom\u00e9xico y Delta se amparan contra las medidas que impuso la Cofece, respecto del proceso de asignaci\u00f3n de horarios de aterrizaje y despegue\" \/>\n<meta name=\"twitter:image\" content=\"https:\/\/nitu.mx\/wp-content\/uploads\/2017\/02\/Alianza-Aerom\u00e9xico-Delta.jpg\" \/>\n<meta name=\"twitter:creator\" content=\"@NITUmx\" \/>\n<meta name=\"twitter:site\" content=\"@Arturo_Medina_G\" \/>\n<meta name=\"twitter:label1\" content=\"Escrito por\" \/>\n\t<meta name=\"twitter:data1\" content=\"Redacci\u00f3n\" \/>\n\t<meta name=\"twitter:label2\" content=\"Tiempo de lectura\" \/>\n\t<meta name=\"twitter:data2\" content=\"1 minuto\" \/>\n<script type=\"application\/ld+json\" class=\"yoast-schema-graph\">{\"@context\":\"https:\/\/schema.org\",\"@graph\":[{\"@type\":\"Article\",\"@id\":\"https:\/\/nitu.mx\/index.php\/2017\/07\/27\/aeromexico-y-delta-interponen-recursos-legales-contra-la-cofece\/#article\",\"isPartOf\":{\"@id\":\"https:\/\/nitu.mx\/index.php\/2017\/07\/27\/aeromexico-y-delta-interponen-recursos-legales-contra-la-cofece\/\"},\"author\":{\"name\":\"Redacci\u00f3n\",\"@id\":\"https:\/\/nitu.mx\/#\/schema\/person\/4a28fe9bd65924f7c90623773daf1b0b\"},\"headline\":\"Aerom\u00e9xico y Delta interponen recursos legales contra la Cofece\",\"datePublished\":\"2017-07-28T03:34:02+00:00\",\"dateModified\":\"2017-07-28T06:13:10+00:00\",\"mainEntityOfPage\":{\"@id\":\"https:\/\/nitu.mx\/index.php\/2017\/07\/27\/aeromexico-y-delta-interponen-recursos-legales-contra-la-cofece\/\"},\"wordCount\":253,\"commentCount\":0,\"publisher\":{\"@id\":\"https:\/\/nitu.mx\/#\/schema\/person\/ae7a53426417292d3dd07b45a33e01bc\"},\"image\":{\"@id\":\"https:\/\/nitu.mx\/index.php\/2017\/07\/27\/aeromexico-y-delta-interponen-recursos-legales-contra-la-cofece\/#primaryimage\"},\"thumbnailUrl\":\"https:\/\/nitu.mx\/wp-content\/uploads\/2017\/02\/Alianza-Aerom\u00e9xico-Delta.jpg\",\"keywords\":[\"aerol\u00edneas\",\"Aerom\u00e9xico\",\"aeroportuaria\",\"Aeropuerto Internacional de la Ciudad de M\u00e9xico (AICM)\",\"Comisi\u00f3n Federal de Competencia Econ\u00f3mica (Cofece)\",\"Delta\",\"slots\"],\"articleSection\":[\"Aerol\u00edneas\",\"M\u00e9xico\"],\"inLanguage\":\"es-MX\",\"potentialAction\":[{\"@type\":\"CommentAction\",\"name\":\"Comment\",\"target\":[\"https:\/\/nitu.mx\/index.php\/2017\/07\/27\/aeromexico-y-delta-interponen-recursos-legales-contra-la-cofece\/#respond\"]}]},{\"@type\":\"WebPage\",\"@id\":\"https:\/\/nitu.mx\/index.php\/2017\/07\/27\/aeromexico-y-delta-interponen-recursos-legales-contra-la-cofece\/\",\"url\":\"https:\/\/nitu.mx\/index.php\/2017\/07\/27\/aeromexico-y-delta-interponen-recursos-legales-contra-la-cofece\/\",\"name\":\"Aerom\u00e9xico y Delta interponen recursos legales contra la Cofece - Nitu - Noticias de la Industria Turistica\",\"isPartOf\":{\"@id\":\"https:\/\/nitu.mx\/#website\"},\"primaryImageOfPage\":{\"@id\":\"https:\/\/nitu.mx\/index.php\/2017\/07\/27\/aeromexico-y-delta-interponen-recursos-legales-contra-la-cofece\/#primaryimage\"},\"image\":{\"@id\":\"https:\/\/nitu.mx\/index.php\/2017\/07\/27\/aeromexico-y-delta-interponen-recursos-legales-contra-la-cofece\/#primaryimage\"},\"thumbnailUrl\":\"https:\/\/nitu.mx\/wp-content\/uploads\/2017\/02\/Alianza-Aerom\u00e9xico-Delta.jpg\",\"datePublished\":\"2017-07-28T03:34:02+00:00\",\"dateModified\":\"2017-07-28T06:13:10+00:00\",\"description\":\"Aerom\u00e9xico y Delta se amparan contra las medidas que impuso la Cofece, respecto del proceso de asignaci\u00f3n de horarios de aterrizaje y despegue\",\"breadcrumb\":{\"@id\":\"https:\/\/nitu.mx\/index.php\/2017\/07\/27\/aeromexico-y-delta-interponen-recursos-legales-contra-la-cofece\/#breadcrumb\"},\"inLanguage\":\"es-MX\",\"potentialAction\":[{\"@type\":\"ReadAction\",\"target\":[\"https:\/\/nitu.mx\/index.php\/2017\/07\/27\/aeromexico-y-delta-interponen-recursos-legales-contra-la-cofece\/\"]}]},{\"@type\":\"ImageObject\",\"inLanguage\":\"es-MX\",\"@id\":\"https:\/\/nitu.mx\/index.php\/2017\/07\/27\/aeromexico-y-delta-interponen-recursos-legales-contra-la-cofece\/#primaryimage\",\"url\":\"https:\/\/nitu.mx\/wp-content\/uploads\/2017\/02\/Alianza-Aerom\u00e9xico-Delta.jpg\",\"contentUrl\":\"https:\/\/nitu.mx\/wp-content\/uploads\/2017\/02\/Alianza-Aerom\u00e9xico-Delta.jpg\",\"width\":850,\"height\":480,\"caption\":\"Aerom\u00e9xico Cofece Delta y Aerom\u00e9xico\"},{\"@type\":\"BreadcrumbList\",\"@id\":\"https:\/\/nitu.mx\/index.php\/2017\/07\/27\/aeromexico-y-delta-interponen-recursos-legales-contra-la-cofece\/#breadcrumb\",\"itemListElement\":[{\"@type\":\"ListItem\",\"position\":1,\"name\":\"Inicio\",\"item\":\"https:\/\/nitu.mx\/\"},{\"@type\":\"ListItem\",\"position\":2,\"name\":\"Aerom\u00e9xico y Delta interponen recursos legales contra la Cofece\"}]},{\"@type\":\"WebSite\",\"@id\":\"https:\/\/nitu.mx\/#website\",\"url\":\"https:\/\/nitu.mx\/\",\"name\":\"Nitu - Noticias de la Industria Turistica\",\"description\":\"Noticias de la Industria Turistica\",\"publisher\":{\"@id\":\"https:\/\/nitu.mx\/#\/schema\/person\/ae7a53426417292d3dd07b45a33e01bc\"},\"alternateName\":\"Noticias de la Industria Turistica\",\"potentialAction\":[{\"@type\":\"SearchAction\",\"target\":{\"@type\":\"EntryPoint\",\"urlTemplate\":\"https:\/\/nitu.mx\/?s={search_term_string}\"},\"query-input\":\"required name=search_term_string\"}],\"inLanguage\":\"es-MX\"},{\"@type\":[\"Person\",\"Organization\"],\"@id\":\"https:\/\/nitu.mx\/#\/schema\/person\/ae7a53426417292d3dd07b45a33e01bc\",\"name\":\"Arturo Medina\",\"image\":{\"@type\":\"ImageObject\",\"inLanguage\":\"es-MX\",\"@id\":\"https:\/\/nitu.mx\/#\/schema\/person\/image\/\",\"url\":\"https:\/\/nitu.mx\/wp-content\/uploads\/2024\/04\/4A315622-1904-4D5C-B022-878CDC840E04-90x90-1.jpeg\",\"contentUrl\":\"https:\/\/nitu.mx\/wp-content\/uploads\/2024\/04\/4A315622-1904-4D5C-B022-878CDC840E04-90x90-1.jpeg\",\"width\":90,\"height\":90,\"caption\":\"Arturo Medina\"},\"logo\":{\"@id\":\"https:\/\/nitu.mx\/#\/schema\/person\/image\/\"},\"description\":\"Director NITU.mx, Egresado de la Escuela de Periodismo Carlos Septi\u00e9n Garc\u00eda. Periodista y analista especializado en turismo desde hace 35 a\u00f1os, radicado en Canc\u00fan Q.Roo. arturo@nitu.mx\",\"sameAs\":[\"https:\/\/nitu.mx\",\"https:\/\/www.facebook.com\/NITUmx\/\",\"medinacancun\",\"https:\/\/twitter.com\/@Arturo_Medina_G\"]},{\"@type\":\"Person\",\"@id\":\"https:\/\/nitu.mx\/#\/schema\/person\/4a28fe9bd65924f7c90623773daf1b0b\",\"name\":\"Redacci\u00f3n\",\"image\":{\"@type\":\"ImageObject\",\"inLanguage\":\"es-MX\",\"@id\":\"https:\/\/nitu.mx\/#\/schema\/person\/image\/\",\"url\":\"https:\/\/secure.gravatar.com\/avatar\/5dd011c8ccfc5cd7e4c81e42252aab38?s=96&d=mm&r=g\",\"contentUrl\":\"https:\/\/secure.gravatar.com\/avatar\/5dd011c8ccfc5cd7e4c81e42252aab38?s=96&d=mm&r=g\",\"caption\":\"Redacci\u00f3n\"},\"url\":\"https:\/\/nitu.mx\/index.php\/author\/redaccion\/\"}]}<\/script>\n<!-- \/ Yoast SEO plugin. -->","yoast_head_json":{"title":"Aerom\u00e9xico y Delta interponen recursos legales contra la Cofece - Nitu - Noticias de la Industria Turistica","description":"Aerom\u00e9xico y Delta se amparan contra las medidas que impuso la Cofece, respecto del proceso de asignaci\u00f3n de horarios de aterrizaje y despegue","robots":{"index":"index","follow":"follow","max-snippet":"max-snippet:-1","max-image-preview":"max-image-preview:large","max-video-preview":"max-video-preview:-1"},"canonical":"https:\/\/nitu.mx\/index.php\/2017\/07\/27\/aeromexico-y-delta-interponen-recursos-legales-contra-la-cofece\/","twitter_card":"summary_large_image","twitter_title":"Aerom\u00e9xico y Delta interponen recursos legales contra la Cofece - Nitu - Noticias de la Industria Turistica","twitter_description":"Aerom\u00e9xico y Delta se amparan contra las medidas que impuso la Cofece, respecto del proceso de asignaci\u00f3n de horarios de aterrizaje y despegue","twitter_image":"https:\/\/nitu.mx\/wp-content\/uploads\/2017\/02\/Alianza-Aerom\u00e9xico-Delta.jpg","twitter_creator":"@NITUmx","twitter_site":"@Arturo_Medina_G","twitter_misc":{"Escrito por":"Redacci\u00f3n","Tiempo de lectura":"1 minuto"},"schema":{"@context":"https:\/\/schema.org","@graph":[{"@type":"Article","@id":"https:\/\/nitu.mx\/index.php\/2017\/07\/27\/aeromexico-y-delta-interponen-recursos-legales-contra-la-cofece\/#article","isPartOf":{"@id":"https:\/\/nitu.mx\/index.php\/2017\/07\/27\/aeromexico-y-delta-interponen-recursos-legales-contra-la-cofece\/"},"author":{"name":"Redacci\u00f3n","@id":"https:\/\/nitu.mx\/#\/schema\/person\/4a28fe9bd65924f7c90623773daf1b0b"},"headline":"Aerom\u00e9xico y Delta interponen recursos legales contra la Cofece","datePublished":"2017-07-28T03:34:02+00:00","dateModified":"2017-07-28T06:13:10+00:00","mainEntityOfPage":{"@id":"https:\/\/nitu.mx\/index.php\/2017\/07\/27\/aeromexico-y-delta-interponen-recursos-legales-contra-la-cofece\/"},"wordCount":253,"commentCount":0,"publisher":{"@id":"https:\/\/nitu.mx\/#\/schema\/person\/ae7a53426417292d3dd07b45a33e01bc"},"image":{"@id":"https:\/\/nitu.mx\/index.php\/2017\/07\/27\/aeromexico-y-delta-interponen-recursos-legales-contra-la-cofece\/#primaryimage"},"thumbnailUrl":"https:\/\/nitu.mx\/wp-content\/uploads\/2017\/02\/Alianza-Aerom\u00e9xico-Delta.jpg","keywords":["aerol\u00edneas","Aerom\u00e9xico","aeroportuaria","Aeropuerto Internacional de la Ciudad de M\u00e9xico (AICM)","Comisi\u00f3n Federal de Competencia Econ\u00f3mica (Cofece)","Delta","slots"],"articleSection":["Aerol\u00edneas","M\u00e9xico"],"inLanguage":"es-MX","potentialAction":[{"@type":"CommentAction","name":"Comment","target":["https:\/\/nitu.mx\/index.php\/2017\/07\/27\/aeromexico-y-delta-interponen-recursos-legales-contra-la-cofece\/#respond"]}]},{"@type":"WebPage","@id":"https:\/\/nitu.mx\/index.php\/2017\/07\/27\/aeromexico-y-delta-interponen-recursos-legales-contra-la-cofece\/","url":"https:\/\/nitu.mx\/index.php\/2017\/07\/27\/aeromexico-y-delta-interponen-recursos-legales-contra-la-cofece\/","name":"Aerom\u00e9xico y Delta interponen recursos legales contra la Cofece - Nitu - Noticias de la Industria Turistica","isPartOf":{"@id":"https:\/\/nitu.mx\/#website"},"primaryImageOfPage":{"@id":"https:\/\/nitu.mx\/index.php\/2017\/07\/27\/aeromexico-y-delta-interponen-recursos-legales-contra-la-cofece\/#primaryimage"},"image":{"@id":"https:\/\/nitu.mx\/index.php\/2017\/07\/27\/aeromexico-y-delta-interponen-recursos-legales-contra-la-cofece\/#primaryimage"},"thumbnailUrl":"https:\/\/nitu.mx\/wp-content\/uploads\/2017\/02\/Alianza-Aerom\u00e9xico-Delta.jpg","datePublished":"2017-07-28T03:34:02+00:00","dateModified":"2017-07-28T06:13:10+00:00","description":"Aerom\u00e9xico y Delta se amparan contra las medidas que impuso la Cofece, respecto del proceso de asignaci\u00f3n de horarios de aterrizaje y despegue","breadcrumb":{"@id":"https:\/\/nitu.mx\/index.php\/2017\/07\/27\/aeromexico-y-delta-interponen-recursos-legales-contra-la-cofece\/#breadcrumb"},"inLanguage":"es-MX","potentialAction":[{"@type":"ReadAction","target":["https:\/\/nitu.mx\/index.php\/2017\/07\/27\/aeromexico-y-delta-interponen-recursos-legales-contra-la-cofece\/"]}]},{"@type":"ImageObject","inLanguage":"es-MX","@id":"https:\/\/nitu.mx\/index.php\/2017\/07\/27\/aeromexico-y-delta-interponen-recursos-legales-contra-la-cofece\/#primaryimage","url":"https:\/\/nitu.mx\/wp-content\/uploads\/2017\/02\/Alianza-Aerom\u00e9xico-Delta.jpg","contentUrl":"https:\/\/nitu.mx\/wp-content\/uploads\/2017\/02\/Alianza-Aerom\u00e9xico-Delta.jpg","width":850,"height":480,"caption":"Aerom\u00e9xico Cofece Delta y Aerom\u00e9xico"},{"@type":"BreadcrumbList","@id":"https:\/\/nitu.mx\/index.php\/2017\/07\/27\/aeromexico-y-delta-interponen-recursos-legales-contra-la-cofece\/#breadcrumb","itemListElement":[{"@type":"ListItem","position":1,"name":"Inicio","item":"https:\/\/nitu.mx\/"},{"@type":"ListItem","position":2,"name":"Aerom\u00e9xico y Delta interponen recursos legales contra la Cofece"}]},{"@type":"WebSite","@id":"https:\/\/nitu.mx\/#website","url":"https:\/\/nitu.mx\/","name":"Nitu - Noticias de la Industria Turistica","description":"Noticias de la Industria Turistica","publisher":{"@id":"https:\/\/nitu.mx\/#\/schema\/person\/ae7a53426417292d3dd07b45a33e01bc"},"alternateName":"Noticias de la Industria Turistica","potentialAction":[{"@type":"SearchAction","target":{"@type":"EntryPoint","urlTemplate":"https:\/\/nitu.mx\/?s={search_term_string}"},"query-input":"required name=search_term_string"}],"inLanguage":"es-MX"},{"@type":["Person","Organization"],"@id":"https:\/\/nitu.mx\/#\/schema\/person\/ae7a53426417292d3dd07b45a33e01bc","name":"Arturo Medina","image":{"@type":"ImageObject","inLanguage":"es-MX","@id":"https:\/\/nitu.mx\/#\/schema\/person\/image\/","url":"https:\/\/nitu.mx\/wp-content\/uploads\/2024\/04\/4A315622-1904-4D5C-B022-878CDC840E04-90x90-1.jpeg","contentUrl":"https:\/\/nitu.mx\/wp-content\/uploads\/2024\/04\/4A315622-1904-4D5C-B022-878CDC840E04-90x90-1.jpeg","width":90,"height":90,"caption":"Arturo Medina"},"logo":{"@id":"https:\/\/nitu.mx\/#\/schema\/person\/image\/"},"description":"Director NITU.mx, Egresado de la Escuela de Periodismo Carlos Septi\u00e9n Garc\u00eda. Periodista y analista especializado en turismo desde hace 35 a\u00f1os, radicado en Canc\u00fan Q.Roo. arturo@nitu.mx","sameAs":["https:\/\/nitu.mx","https:\/\/www.facebook.com\/NITUmx\/","medinacancun","https:\/\/twitter.com\/@Arturo_Medina_G"]},{"@type":"Person","@id":"https:\/\/nitu.mx\/#\/schema\/person\/4a28fe9bd65924f7c90623773daf1b0b","name":"Redacci\u00f3n","image":{"@type":"ImageObject","inLanguage":"es-MX","@id":"https:\/\/nitu.mx\/#\/schema\/person\/image\/","url":"https:\/\/secure.gravatar.com\/avatar\/5dd011c8ccfc5cd7e4c81e42252aab38?s=96&d=mm&r=g","contentUrl":"https:\/\/secure.gravatar.com\/avatar\/5dd011c8ccfc5cd7e4c81e42252aab38?s=96&d=mm&r=g","caption":"Redacci\u00f3n"},"url":"https:\/\/nitu.mx\/index.php\/author\/redaccion\/"}]}},"views":268,"_links":{"self":[{"href":"https:\/\/nitu.mx\/index.php\/wp-json\/wp\/v2\/posts\/11761"}],"collection":[{"href":"https:\/\/nitu.mx\/index.php\/wp-json\/wp\/v2\/posts"}],"about":[{"href":"https:\/\/nitu.mx\/index.php\/wp-json\/wp\/v2\/types\/post"}],"author":[{"embeddable":true,"href":"https:\/\/nitu.mx\/index.php\/wp-json\/wp\/v2\/users\/17"}],"replies":[{"embeddable":true,"href":"https:\/\/nitu.mx\/index.php\/wp-json\/wp\/v2\/comments?post=11761"}],"version-history":[{"count":3,"href":"https:\/\/nitu.mx\/index.php\/wp-json\/wp\/v2\/posts\/11761\/revisions"}],"predecessor-version":[{"id":11772,"href":"https:\/\/nitu.mx\/index.php\/wp-json\/wp\/v2\/posts\/11761\/revisions\/11772"}],"wp:featuredmedia":[{"embeddable":true,"href":"https:\/\/nitu.mx\/index.php\/wp-json\/wp\/v2\/media\/7241"}],"wp:attachment":[{"href":"https:\/\/nitu.mx\/index.php\/wp-json\/wp\/v2\/media?parent=11761"}],"wp:term":[{"taxonomy":"category","embeddable":true,"href":"https:\/\/nitu.mx\/index.php\/wp-json\/wp\/v2\/categories?post=11761"},{"taxonomy":"post_tag","embeddable":true,"href":"https:\/\/nitu.mx\/index.php\/wp-json\/wp\/v2\/tags?post=11761"}],"curies":[{"name":"wp","href":"https:\/\/api.w.org\/{rel}","templated":true}]}}