{"id":11350,"date":"2017-07-13T00:11:53","date_gmt":"2017-07-13T05:11:53","guid":{"rendered":"http:\/\/www.dev.nitu.mx\/?p=11350"},"modified":"2017-07-13T00:37:59","modified_gmt":"2017-07-13T05:37:59","slug":"senado-analizara-agregado-a-la-ley-de-turismo-sobre-turismo-de-salud","status":"publish","type":"post","link":"https:\/\/nitu.mx\/index.php\/2017\/07\/13\/senado-analizara-agregado-a-la-ley-de-turismo-sobre-turismo-de-salud\/","title":{"rendered":"Senado analizar\u00e1 agregado a la Ley de Turismo sobre salud"},"content":{"rendered":"<p>El diputado federal por Quintana Roo, Mario Machuca, present\u00f3 una iniciativa de ley para que se agregue un art\u00edculo con respecto al turismo de salud, \u201calternativa para captar m\u00e1s visitantes. Pero sobre todo para regular las entidades que otorgan los servicios, incentivar el sector e incrementar la promoci\u00f3n\u201d.<\/p>\n<p>El tambi\u00e9n l\u00edder gremial, apunt\u00f3 que a este sector, se le visualiza de dos maneras: \u201cAquellos jubilados o pensionados de la tercera edad, en su mayor\u00eda europeos, que se mueven a otros pa\u00edses, y que quieren tener la certeza que por su condici\u00f3n de salud van a contar con un sistema de salud confiable. Adem\u00e1s de estar cerca de los lugares que quieren visitar\u201d.<\/p>\n<p>El segundo refiri\u00f3, &#8220;son quienes viajan en busca de algunas especialidades, por lo mismo se mueven a otros pa\u00edses para poder llevar a cabo algunas cirug\u00edas o tratamientos especiales\u201d. Incluso hay lugares en los que se han instalado hoteles conectados a los hospitales para mayor comodidad, como acontece en Canc\u00fan.<\/p>\n<p>Anteriormente este sector lo constitu\u00edan quienes buscaban \u00fanicamente operaciones est\u00e9ticas. Pero el mercado ha evolucionado, hoy la gente se mueve a otros pa\u00edses, para atenderse cualquier tipo de padecimiento con la certeza de que hay hospitales, m\u00e9dicos, cl\u00ednicas, medicamentos, laboratorios y centros para rehabilitarse. Adem\u00e1s de hoteles o departamentos para restablecerse y mejorar.<\/p>\n<p>Lo que busca el congresista es anexar un p\u00e1rrafo del Art\u00edculo Tercero de la Ley de Turismo. As\u00ed ser\u00e1 la propia Secretar\u00eda de Turismo (Sectur) la que empiece a promover el turismo de salud.<\/p>\n<p>Esto porque la instancia, tiene dentro de sus facultades y obligaciones, promover al pa\u00eds, al formar el tema, parte de la legislaci\u00f3n ser\u00eda precisamente por ley la promoci\u00f3n del sector. As\u00ed en las ferias tur\u00edsticas se tendr\u00eda que promover el turismo de salud y sus impulsores formar\u00edan parte los tianguis y ferias, lo que a su vez atraer\u00eda inversiones.<\/p>\n<p>Machuca resalt\u00f3 que M\u00e9xico est\u00e1 preparado para captar ese turismo, ya que hay muy buenos m\u00e9dicos y hospitales. Adem\u00e1s de instalaciones, y aunque tambi\u00e9n hay charlatanes, apunt\u00f3 que la ley ayudar\u00eda a reglamentar a quienes prestan el servicio.<\/p>\n<p>Ya se present\u00f3 a la permanente, que ya le dio visto para turnarla a comisiones, por lo que espera que en cuanto inicie el per\u00edodo ordinario se discuta en el pleno de la c\u00e1mara.<\/p>\n<p>Nuestro pa\u00eds ha adquirido una importancia para el sector, como se ha se\u00f1alado en <em><strong>NITU.mx<\/strong><\/em>\u00a0(<a title=\"Turismo m\u00e9dico crece gracias a d\u00f3lar caro\" href=\"http:\/\/www.dev.nitu.mx\/index.php\/2017\/05\/09\/turismo-medico-crece-gracias-a-dolar-caro\/\" rel=\"bookmark\">Turismo m\u00e9dico crece gracias a d\u00f3lar caro<\/a>).<\/p>\n","protected":false},"excerpt":{"rendered":"<p>El diputado federal por Quintana Roo, Mario Machuca, present\u00f3 una iniciativa de ley para que se agregue un art\u00edculo con respecto al turismo de salud, \u201calternativa para captar m\u00e1s visitantes. Pero sobre todo para regular las entidades que otorgan los servicios, incentivar el sector e incrementar la promoci\u00f3n\u201d. El tambi\u00e9n l\u00edder gremial, apunt\u00f3 que a [&hellip;]<\/p>\n","protected":false},"author":3,"featured_media":7739,"comment_status":"open","ping_status":"open","sticky":false,"template":"","format":"standard","meta":{"footnotes":""},"categories":[12,6],"tags":[5109,5111,260,359,5112],"yoast_head":"<!-- This site is optimized with the Yoast SEO plugin v22.2 - https:\/\/yoast.com\/wordpress\/plugins\/seo\/ -->\n<title>Senado analizar\u00e1 agregado a la Ley de Turismo sobre salud - Nitu - Noticias de la Industria Turistica<\/title>\n<meta name=\"description\" content=\"El diputado federal por Quintana Roo, Mario Machuca, present\u00f3 una iniciativa de ley para que se agregue un art\u00edculo con respecto al turismo de salud.\" \/>\n<meta name=\"robots\" content=\"index, follow, max-snippet:-1, max-image-preview:large, max-video-preview:-1\" \/>\n<link rel=\"canonical\" href=\"https:\/\/nitu.mx\/index.php\/2017\/07\/13\/senado-analizara-agregado-a-la-ley-de-turismo-sobre-turismo-de-salud\/\" \/>\n<meta name=\"twitter:card\" content=\"summary_large_image\" \/>\n<meta name=\"twitter:title\" content=\"Senado analizar\u00e1 agregado a la Ley de Turismo sobre salud - Nitu - Noticias de la Industria Turistica\" \/>\n<meta name=\"twitter:description\" content=\"El diputado federal por Quintana Roo, Mario Machuca, present\u00f3 una iniciativa de ley para que se agregue un art\u00edculo con respecto al turismo de salud.\" \/>\n<meta name=\"twitter:image\" content=\"https:\/\/nitu.mx\/wp-content\/uploads\/2017\/03\/Turismo-m\u00e9dico.jpg\" \/>\n<meta name=\"twitter:creator\" content=\"@NITUmx\" \/>\n<meta name=\"twitter:site\" content=\"@Arturo_Medina_G\" \/>\n<meta name=\"twitter:label1\" content=\"Escrito por\" \/>\n\t<meta name=\"twitter:data1\" content=\"Alejandra Moncisbays\" \/>\n\t<meta name=\"twitter:label2\" content=\"Tiempo de lectura\" \/>\n\t<meta name=\"twitter:data2\" content=\"2 minutos\" \/>\n<script type=\"application\/ld+json\" class=\"yoast-schema-graph\">{\"@context\":\"https:\/\/schema.org\",\"@graph\":[{\"@type\":\"Article\",\"@id\":\"https:\/\/nitu.mx\/index.php\/2017\/07\/13\/senado-analizara-agregado-a-la-ley-de-turismo-sobre-turismo-de-salud\/#article\",\"isPartOf\":{\"@id\":\"https:\/\/nitu.mx\/index.php\/2017\/07\/13\/senado-analizara-agregado-a-la-ley-de-turismo-sobre-turismo-de-salud\/\"},\"author\":{\"name\":\"Alejandra Moncisbays\",\"@id\":\"https:\/\/nitu.mx\/#\/schema\/person\/2ecd887b19dfd3382d1f14fc5acf24a8\"},\"headline\":\"Senado analizar\u00e1 agregado a la Ley de Turismo sobre salud\",\"datePublished\":\"2017-07-13T05:11:53+00:00\",\"dateModified\":\"2017-07-13T05:37:59+00:00\",\"mainEntityOfPage\":{\"@id\":\"https:\/\/nitu.mx\/index.php\/2017\/07\/13\/senado-analizara-agregado-a-la-ley-de-turismo-sobre-turismo-de-salud\/\"},\"wordCount\":453,\"commentCount\":0,\"publisher\":{\"@id\":\"https:\/\/nitu.mx\/#\/schema\/person\/ae7a53426417292d3dd07b45a33e01bc\"},\"image\":{\"@id\":\"https:\/\/nitu.mx\/index.php\/2017\/07\/13\/senado-analizara-agregado-a-la-ley-de-turismo-sobre-turismo-de-salud\/#primaryimage\"},\"thumbnailUrl\":\"https:\/\/nitu.mx\/wp-content\/uploads\/2017\/03\/Turismo-m\u00e9dico.jpg\",\"keywords\":[\"Art\u00edculo Tercero de la Ley de turismo\",\"Mario Machuca\",\"Quintana Roo\",\"Secretar\u00eda de Turismo (Sectur)\",\"turismo de salud\"],\"articleSection\":[\"Marketing\",\"M\u00e9xico\"],\"inLanguage\":\"es-MX\",\"potentialAction\":[{\"@type\":\"CommentAction\",\"name\":\"Comment\",\"target\":[\"https:\/\/nitu.mx\/index.php\/2017\/07\/13\/senado-analizara-agregado-a-la-ley-de-turismo-sobre-turismo-de-salud\/#respond\"]}]},{\"@type\":\"WebPage\",\"@id\":\"https:\/\/nitu.mx\/index.php\/2017\/07\/13\/senado-analizara-agregado-a-la-ley-de-turismo-sobre-turismo-de-salud\/\",\"url\":\"https:\/\/nitu.mx\/index.php\/2017\/07\/13\/senado-analizara-agregado-a-la-ley-de-turismo-sobre-turismo-de-salud\/\",\"name\":\"Senado analizar\u00e1 agregado a la Ley de Turismo sobre salud - Nitu - Noticias de la Industria Turistica\",\"isPartOf\":{\"@id\":\"https:\/\/nitu.mx\/#website\"},\"primaryImageOfPage\":{\"@id\":\"https:\/\/nitu.mx\/index.php\/2017\/07\/13\/senado-analizara-agregado-a-la-ley-de-turismo-sobre-turismo-de-salud\/#primaryimage\"},\"image\":{\"@id\":\"https:\/\/nitu.mx\/index.php\/2017\/07\/13\/senado-analizara-agregado-a-la-ley-de-turismo-sobre-turismo-de-salud\/#primaryimage\"},\"thumbnailUrl\":\"https:\/\/nitu.mx\/wp-content\/uploads\/2017\/03\/Turismo-m\u00e9dico.jpg\",\"datePublished\":\"2017-07-13T05:11:53+00:00\",\"dateModified\":\"2017-07-13T05:37:59+00:00\",\"description\":\"El diputado federal por Quintana Roo, Mario Machuca, present\u00f3 una iniciativa de ley para que se agregue un art\u00edculo con respecto al turismo de salud.\",\"breadcrumb\":{\"@id\":\"https:\/\/nitu.mx\/index.php\/2017\/07\/13\/senado-analizara-agregado-a-la-ley-de-turismo-sobre-turismo-de-salud\/#breadcrumb\"},\"inLanguage\":\"es-MX\",\"potentialAction\":[{\"@type\":\"ReadAction\",\"target\":[\"https:\/\/nitu.mx\/index.php\/2017\/07\/13\/senado-analizara-agregado-a-la-ley-de-turismo-sobre-turismo-de-salud\/\"]}]},{\"@type\":\"ImageObject\",\"inLanguage\":\"es-MX\",\"@id\":\"https:\/\/nitu.mx\/index.php\/2017\/07\/13\/senado-analizara-agregado-a-la-ley-de-turismo-sobre-turismo-de-salud\/#primaryimage\",\"url\":\"https:\/\/nitu.mx\/wp-content\/uploads\/2017\/03\/Turismo-m\u00e9dico.jpg\",\"contentUrl\":\"https:\/\/nitu.mx\/wp-content\/uploads\/2017\/03\/Turismo-m\u00e9dico.jpg\",\"width\":850,\"height\":480,\"caption\":\"Turismo m\u00e9dico\"},{\"@type\":\"BreadcrumbList\",\"@id\":\"https:\/\/nitu.mx\/index.php\/2017\/07\/13\/senado-analizara-agregado-a-la-ley-de-turismo-sobre-turismo-de-salud\/#breadcrumb\",\"itemListElement\":[{\"@type\":\"ListItem\",\"position\":1,\"name\":\"Inicio\",\"item\":\"https:\/\/nitu.mx\/\"},{\"@type\":\"ListItem\",\"position\":2,\"name\":\"Senado analizar\u00e1 agregado a la Ley de Turismo sobre salud\"}]},{\"@type\":\"WebSite\",\"@id\":\"https:\/\/nitu.mx\/#website\",\"url\":\"https:\/\/nitu.mx\/\",\"name\":\"Nitu - Noticias de la Industria Turistica\",\"description\":\"Noticias de la Industria Turistica\",\"publisher\":{\"@id\":\"https:\/\/nitu.mx\/#\/schema\/person\/ae7a53426417292d3dd07b45a33e01bc\"},\"alternateName\":\"Noticias de la Industria Turistica\",\"potentialAction\":[{\"@type\":\"SearchAction\",\"target\":{\"@type\":\"EntryPoint\",\"urlTemplate\":\"https:\/\/nitu.mx\/?s={search_term_string}\"},\"query-input\":\"required name=search_term_string\"}],\"inLanguage\":\"es-MX\"},{\"@type\":[\"Person\",\"Organization\"],\"@id\":\"https:\/\/nitu.mx\/#\/schema\/person\/ae7a53426417292d3dd07b45a33e01bc\",\"name\":\"Arturo Medina\",\"image\":{\"@type\":\"ImageObject\",\"inLanguage\":\"es-MX\",\"@id\":\"https:\/\/nitu.mx\/#\/schema\/person\/image\/\",\"url\":\"https:\/\/nitu.mx\/wp-content\/uploads\/2024\/04\/4A315622-1904-4D5C-B022-878CDC840E04-90x90-1.jpeg\",\"contentUrl\":\"https:\/\/nitu.mx\/wp-content\/uploads\/2024\/04\/4A315622-1904-4D5C-B022-878CDC840E04-90x90-1.jpeg\",\"width\":90,\"height\":90,\"caption\":\"Arturo Medina\"},\"logo\":{\"@id\":\"https:\/\/nitu.mx\/#\/schema\/person\/image\/\"},\"description\":\"Director NITU.mx, Egresado de la Escuela de Periodismo Carlos Septi\u00e9n Garc\u00eda. Periodista y analista especializado en turismo desde hace 35 a\u00f1os, radicado en Canc\u00fan Q.Roo. arturo@nitu.mx\",\"sameAs\":[\"https:\/\/nitu.mx\",\"https:\/\/www.facebook.com\/NITUmx\/\",\"medinacancun\",\"https:\/\/twitter.com\/@Arturo_Medina_G\"]},{\"@type\":\"Person\",\"@id\":\"https:\/\/nitu.mx\/#\/schema\/person\/2ecd887b19dfd3382d1f14fc5acf24a8\",\"name\":\"Alejandra Moncisbays\",\"image\":{\"@type\":\"ImageObject\",\"inLanguage\":\"es-MX\",\"@id\":\"https:\/\/nitu.mx\/#\/schema\/person\/image\/\",\"url\":\"https:\/\/secure.gravatar.com\/avatar\/e74f7af0be172b7804dacfd0bfbef787?s=96&d=mm&r=g\",\"contentUrl\":\"https:\/\/secure.gravatar.com\/avatar\/e74f7af0be172b7804dacfd0bfbef787?s=96&d=mm&r=g\",\"caption\":\"Alejandra Moncisbays\"},\"description\":\"Curs\u00e9 la carrera de Periodismo y Comunicaci\u00f3n en la Facultad de Estudios Profesionales Acatl\u00e1n. Vivo en Canc\u00fan desde hace 24 a\u00f1os. Fui reportera de La Tarde de Canc\u00fan, y Novedades de Quintana Roo, colabor\u00e9 en TVCUN, edit\u00e9 Cancun\u00edssimo y colabor\u00e9 en las revistas Latitud21, entre otras, con principal enfoque en los sectores empresarial y tur\u00edstico. Desde hace varios a\u00f1os soy Agente de Seguros con c\u00e9dula de la Comisi\u00f3n Nacional de Seguros y Fianzas. Actualmente, me desarrollo en los \u00e1mbitos del periodismo y el sector asegurador.\",\"sameAs\":[\"https:\/\/nitu.mx\"],\"url\":\"https:\/\/nitu.mx\/index.php\/author\/alejandra\/\"}]}<\/script>\n<!-- \/ Yoast SEO plugin. -->","yoast_head_json":{"title":"Senado analizar\u00e1 agregado a la Ley de Turismo sobre salud - Nitu - Noticias de la Industria Turistica","description":"El diputado federal por Quintana Roo, Mario Machuca, present\u00f3 una iniciativa de ley para que se agregue un art\u00edculo con respecto al turismo de salud.","robots":{"index":"index","follow":"follow","max-snippet":"max-snippet:-1","max-image-preview":"max-image-preview:large","max-video-preview":"max-video-preview:-1"},"canonical":"https:\/\/nitu.mx\/index.php\/2017\/07\/13\/senado-analizara-agregado-a-la-ley-de-turismo-sobre-turismo-de-salud\/","twitter_card":"summary_large_image","twitter_title":"Senado analizar\u00e1 agregado a la Ley de Turismo sobre salud - Nitu - Noticias de la Industria Turistica","twitter_description":"El diputado federal por Quintana Roo, Mario Machuca, present\u00f3 una iniciativa de ley para que se agregue un art\u00edculo con respecto al turismo de salud.","twitter_image":"https:\/\/nitu.mx\/wp-content\/uploads\/2017\/03\/Turismo-m\u00e9dico.jpg","twitter_creator":"@NITUmx","twitter_site":"@Arturo_Medina_G","twitter_misc":{"Escrito por":"Alejandra Moncisbays","Tiempo de lectura":"2 minutos"},"schema":{"@context":"https:\/\/schema.org","@graph":[{"@type":"Article","@id":"https:\/\/nitu.mx\/index.php\/2017\/07\/13\/senado-analizara-agregado-a-la-ley-de-turismo-sobre-turismo-de-salud\/#article","isPartOf":{"@id":"https:\/\/nitu.mx\/index.php\/2017\/07\/13\/senado-analizara-agregado-a-la-ley-de-turismo-sobre-turismo-de-salud\/"},"author":{"name":"Alejandra Moncisbays","@id":"https:\/\/nitu.mx\/#\/schema\/person\/2ecd887b19dfd3382d1f14fc5acf24a8"},"headline":"Senado analizar\u00e1 agregado a la Ley de Turismo sobre salud","datePublished":"2017-07-13T05:11:53+00:00","dateModified":"2017-07-13T05:37:59+00:00","mainEntityOfPage":{"@id":"https:\/\/nitu.mx\/index.php\/2017\/07\/13\/senado-analizara-agregado-a-la-ley-de-turismo-sobre-turismo-de-salud\/"},"wordCount":453,"commentCount":0,"publisher":{"@id":"https:\/\/nitu.mx\/#\/schema\/person\/ae7a53426417292d3dd07b45a33e01bc"},"image":{"@id":"https:\/\/nitu.mx\/index.php\/2017\/07\/13\/senado-analizara-agregado-a-la-ley-de-turismo-sobre-turismo-de-salud\/#primaryimage"},"thumbnailUrl":"https:\/\/nitu.mx\/wp-content\/uploads\/2017\/03\/Turismo-m\u00e9dico.jpg","keywords":["Art\u00edculo Tercero de la Ley de turismo","Mario Machuca","Quintana Roo","Secretar\u00eda de Turismo (Sectur)","turismo de salud"],"articleSection":["Marketing","M\u00e9xico"],"inLanguage":"es-MX","potentialAction":[{"@type":"CommentAction","name":"Comment","target":["https:\/\/nitu.mx\/index.php\/2017\/07\/13\/senado-analizara-agregado-a-la-ley-de-turismo-sobre-turismo-de-salud\/#respond"]}]},{"@type":"WebPage","@id":"https:\/\/nitu.mx\/index.php\/2017\/07\/13\/senado-analizara-agregado-a-la-ley-de-turismo-sobre-turismo-de-salud\/","url":"https:\/\/nitu.mx\/index.php\/2017\/07\/13\/senado-analizara-agregado-a-la-ley-de-turismo-sobre-turismo-de-salud\/","name":"Senado analizar\u00e1 agregado a la Ley de Turismo sobre salud - Nitu - Noticias de la Industria Turistica","isPartOf":{"@id":"https:\/\/nitu.mx\/#website"},"primaryImageOfPage":{"@id":"https:\/\/nitu.mx\/index.php\/2017\/07\/13\/senado-analizara-agregado-a-la-ley-de-turismo-sobre-turismo-de-salud\/#primaryimage"},"image":{"@id":"https:\/\/nitu.mx\/index.php\/2017\/07\/13\/senado-analizara-agregado-a-la-ley-de-turismo-sobre-turismo-de-salud\/#primaryimage"},"thumbnailUrl":"https:\/\/nitu.mx\/wp-content\/uploads\/2017\/03\/Turismo-m\u00e9dico.jpg","datePublished":"2017-07-13T05:11:53+00:00","dateModified":"2017-07-13T05:37:59+00:00","description":"El diputado federal por Quintana Roo, Mario Machuca, present\u00f3 una iniciativa de ley para que se agregue un art\u00edculo con respecto al turismo de salud.","breadcrumb":{"@id":"https:\/\/nitu.mx\/index.php\/2017\/07\/13\/senado-analizara-agregado-a-la-ley-de-turismo-sobre-turismo-de-salud\/#breadcrumb"},"inLanguage":"es-MX","potentialAction":[{"@type":"ReadAction","target":["https:\/\/nitu.mx\/index.php\/2017\/07\/13\/senado-analizara-agregado-a-la-ley-de-turismo-sobre-turismo-de-salud\/"]}]},{"@type":"ImageObject","inLanguage":"es-MX","@id":"https:\/\/nitu.mx\/index.php\/2017\/07\/13\/senado-analizara-agregado-a-la-ley-de-turismo-sobre-turismo-de-salud\/#primaryimage","url":"https:\/\/nitu.mx\/wp-content\/uploads\/2017\/03\/Turismo-m\u00e9dico.jpg","contentUrl":"https:\/\/nitu.mx\/wp-content\/uploads\/2017\/03\/Turismo-m\u00e9dico.jpg","width":850,"height":480,"caption":"Turismo m\u00e9dico"},{"@type":"BreadcrumbList","@id":"https:\/\/nitu.mx\/index.php\/2017\/07\/13\/senado-analizara-agregado-a-la-ley-de-turismo-sobre-turismo-de-salud\/#breadcrumb","itemListElement":[{"@type":"ListItem","position":1,"name":"Inicio","item":"https:\/\/nitu.mx\/"},{"@type":"ListItem","position":2,"name":"Senado analizar\u00e1 agregado a la Ley de Turismo sobre salud"}]},{"@type":"WebSite","@id":"https:\/\/nitu.mx\/#website","url":"https:\/\/nitu.mx\/","name":"Nitu - Noticias de la Industria Turistica","description":"Noticias de la Industria Turistica","publisher":{"@id":"https:\/\/nitu.mx\/#\/schema\/person\/ae7a53426417292d3dd07b45a33e01bc"},"alternateName":"Noticias de la Industria Turistica","potentialAction":[{"@type":"SearchAction","target":{"@type":"EntryPoint","urlTemplate":"https:\/\/nitu.mx\/?s={search_term_string}"},"query-input":"required name=search_term_string"}],"inLanguage":"es-MX"},{"@type":["Person","Organization"],"@id":"https:\/\/nitu.mx\/#\/schema\/person\/ae7a53426417292d3dd07b45a33e01bc","name":"Arturo Medina","image":{"@type":"ImageObject","inLanguage":"es-MX","@id":"https:\/\/nitu.mx\/#\/schema\/person\/image\/","url":"https:\/\/nitu.mx\/wp-content\/uploads\/2024\/04\/4A315622-1904-4D5C-B022-878CDC840E04-90x90-1.jpeg","contentUrl":"https:\/\/nitu.mx\/wp-content\/uploads\/2024\/04\/4A315622-1904-4D5C-B022-878CDC840E04-90x90-1.jpeg","width":90,"height":90,"caption":"Arturo Medina"},"logo":{"@id":"https:\/\/nitu.mx\/#\/schema\/person\/image\/"},"description":"Director NITU.mx, Egresado de la Escuela de Periodismo Carlos Septi\u00e9n Garc\u00eda. Periodista y analista especializado en turismo desde hace 35 a\u00f1os, radicado en Canc\u00fan Q.Roo. arturo@nitu.mx","sameAs":["https:\/\/nitu.mx","https:\/\/www.facebook.com\/NITUmx\/","medinacancun","https:\/\/twitter.com\/@Arturo_Medina_G"]},{"@type":"Person","@id":"https:\/\/nitu.mx\/#\/schema\/person\/2ecd887b19dfd3382d1f14fc5acf24a8","name":"Alejandra Moncisbays","image":{"@type":"ImageObject","inLanguage":"es-MX","@id":"https:\/\/nitu.mx\/#\/schema\/person\/image\/","url":"https:\/\/secure.gravatar.com\/avatar\/e74f7af0be172b7804dacfd0bfbef787?s=96&d=mm&r=g","contentUrl":"https:\/\/secure.gravatar.com\/avatar\/e74f7af0be172b7804dacfd0bfbef787?s=96&d=mm&r=g","caption":"Alejandra Moncisbays"},"description":"Curs\u00e9 la carrera de Periodismo y Comunicaci\u00f3n en la Facultad de Estudios Profesionales Acatl\u00e1n. Vivo en Canc\u00fan desde hace 24 a\u00f1os. Fui reportera de La Tarde de Canc\u00fan, y Novedades de Quintana Roo, colabor\u00e9 en TVCUN, edit\u00e9 Cancun\u00edssimo y colabor\u00e9 en las revistas Latitud21, entre otras, con principal enfoque en los sectores empresarial y tur\u00edstico. Desde hace varios a\u00f1os soy Agente de Seguros con c\u00e9dula de la Comisi\u00f3n Nacional de Seguros y Fianzas. Actualmente, me desarrollo en los \u00e1mbitos del periodismo y el sector asegurador.","sameAs":["https:\/\/nitu.mx"],"url":"https:\/\/nitu.mx\/index.php\/author\/alejandra\/"}]}},"views":223,"_links":{"self":[{"href":"https:\/\/nitu.mx\/index.php\/wp-json\/wp\/v2\/posts\/11350"}],"collection":[{"href":"https:\/\/nitu.mx\/index.php\/wp-json\/wp\/v2\/posts"}],"about":[{"href":"https:\/\/nitu.mx\/index.php\/wp-json\/wp\/v2\/types\/post"}],"author":[{"embeddable":true,"href":"https:\/\/nitu.mx\/index.php\/wp-json\/wp\/v2\/users\/3"}],"replies":[{"embeddable":true,"href":"https:\/\/nitu.mx\/index.php\/wp-json\/wp\/v2\/comments?post=11350"}],"version-history":[{"count":3,"href":"https:\/\/nitu.mx\/index.php\/wp-json\/wp\/v2\/posts\/11350\/revisions"}],"predecessor-version":[{"id":11367,"href":"https:\/\/nitu.mx\/index.php\/wp-json\/wp\/v2\/posts\/11350\/revisions\/11367"}],"wp:featuredmedia":[{"embeddable":true,"href":"https:\/\/nitu.mx\/index.php\/wp-json\/wp\/v2\/media\/7739"}],"wp:attachment":[{"href":"https:\/\/nitu.mx\/index.php\/wp-json\/wp\/v2\/media?parent=11350"}],"wp:term":[{"taxonomy":"category","embeddable":true,"href":"https:\/\/nitu.mx\/index.php\/wp-json\/wp\/v2\/categories?post=11350"},{"taxonomy":"post_tag","embeddable":true,"href":"https:\/\/nitu.mx\/index.php\/wp-json\/wp\/v2\/tags?post=11350"}],"curies":[{"name":"wp","href":"https:\/\/api.w.org\/{rel}","templated":true}]}}