{"id":11155,"date":"2017-07-05T21:26:20","date_gmt":"2017-07-06T02:26:20","guid":{"rendered":"http:\/\/www.dev.nitu.mx\/?p=11155"},"modified":"2017-07-05T23:58:10","modified_gmt":"2017-07-06T04:58:10","slug":"modelo-seguridad-turistica-coadyuvante-la-madrid","status":"publish","type":"post","link":"https:\/\/nitu.mx\/index.php\/2017\/07\/05\/modelo-seguridad-turistica-coadyuvante-la-madrid\/","title":{"rendered":"Modelo de seguridad tur\u00edstica es coadyuvante: De la Madrid"},"content":{"rendered":"<p>Al defender el modelo de seguridad para destinos tur\u00edsticos, impulsado por las secretar\u00edas de Turismo y Gobernaci\u00f3n, y que en las pr\u00f3ximas semanas iniciar\u00e1 su programa piloto en Canc\u00fan, Los Cabos y Acapulco, el secretario de Turismo federal, Enrique de la Madrid, se\u00f1al\u00f3 que este programa es coadyuvante con otras acciones que ya se est\u00e1n tomando para combatir este flagelo.\u00a0(<a title=\"En tres semanas inicia el proyecto piloto de polic\u00eda tur\u00edstica en: Canc\u00fan, Los Cabos y Acapulco\" href=\"http:\/\/www.dev.nitu.mx\/index.php\/2017\/07\/04\/tres-semanas-inicia-la-policia-turistica-cancun-los-cabos-acapulco\/\" rel=\"bookmark\">En tres semanas inicia el proyecto piloto de polic\u00eda tur\u00edstica en: Canc\u00fan, Los Cabos y Acapulco<\/a>).<\/p>\n<p>En el marco de la Firma del Convenio de Coordinaci\u00f3n y Concentraci\u00f3n de la Conectividad del Mundo Maya, el titular de la Sectur coment\u00f3 que las instancias de gobierno encargadas de la seguridad ya est\u00e1n trabajando, y este nuevo programa s\u00f3lo abonar\u00e1 al esfuerzo. \u201cMi tema no es la seguridad, pero al estar a cargo del flujo de turistas nacionales e internacionales, no puedo ser ajeno a \u00e9sta; creo que todos los intentos por combatir la inseguridad son necesarios, y bienvenidos todos los que se quieran sumar al esfuerzo\u201d, dijo De la Madrid.<\/p>\n<p>Al cuestionarle sobre la inquietud que despert\u00f3 en el sector empresarial, al solicitarles su apoyo en materia fiscal, para contribuir econ\u00f3micamente con este modelo de seguridad, el secretario de Turismo dijo enf\u00e1ticamente que, de acuerdo con sus datos, el gremio s\u00ed est\u00e1 de acuerdo en apoyar en esta lucha. \u201cEs un sector sensible, y siempre estar\u00e1 dispuesto a apoyar m\u00e1s\u201d, coment\u00f3. Lo que se contrapone con lo que hab\u00edan expresado para <em><strong>NITU.mx<\/strong><\/em>.\u00a0(<a title=\"Polic\u00eda Tur\u00edstica \u201cpol\u00edtica de reacci\u00f3n\u201d y no pol\u00edticas p\u00fablicas de prevenci\u00f3n\" href=\"http:\/\/www.dev.nitu.mx\/index.php\/2017\/07\/05\/policia-turistica-politica-de-reaccion-y-no-politicas-publicas-de-prevencion\/\" rel=\"bookmark\">Polic\u00eda Tur\u00edstica \u201cpol\u00edtica de reacci\u00f3n\u201d y no pol\u00edticas p\u00fablicas de prevenci\u00f3n<\/a>).<\/p>\n<p>Ante la insistencia de los medios para conocer en qu\u00e9 se diferenciar\u00e1 esta nueva estrategia, de otras que ya se han implementado con demostrados fracasos, Enrique de la Madrid se desmarc\u00f3 asegurando que ser\u00e1 la propia Secretar\u00eda de Gobernaci\u00f3n, quien en los pr\u00f3ximos d\u00edas detalle c\u00f3mo operar\u00e1, pero destac\u00f3 que se trata de medidas combinadas que no se hab\u00edan considerado.<\/p>\n<p>En cuanto al Convenio de Coordinaci\u00f3n y Concentraci\u00f3n de la Conectividad del Mundo Maya, se detall\u00f3 que se trata de una estrategia de promoci\u00f3n, a partir de la Ruta Maya de Aeromar que conecta a los cinco estados de la regi\u00f3n, que se concentrar\u00e1 principalmente en Europa.<\/p>\n<p>El director del Consejo de Promoci\u00f3n Tur\u00edstica de M\u00e9xico, H\u00e9ctor Flores Santana, acompa\u00f1ado de las representaciones tur\u00edsticas de Quintana Roo, Yucat\u00e1n, Campeche, Chiapas, Tabasco y Oaxaca, inform\u00f3 que se aportar\u00e1n 12 millones de pesos, que buscan incentivar el flujo de viajeros del viejo continente, hacia el sureste mexicano, \u201csin descuidar a nuestros principales pa\u00edses emisores, Estados Unidos, Canad\u00e1 y Sudam\u00e9rica\u201d.<\/p>\n","protected":false},"excerpt":{"rendered":"<p>Al defender el modelo de seguridad para destinos tur\u00edsticos, impulsado por las secretar\u00edas de Turismo y Gobernaci\u00f3n, y que en las pr\u00f3ximas semanas iniciar\u00e1 su programa piloto en Canc\u00fan, Los Cabos y Acapulco, el secretario de Turismo federal, Enrique de la Madrid, se\u00f1al\u00f3 que este programa es coadyuvante con otras acciones que ya se est\u00e1n [&hellip;]<\/p>\n","protected":false},"author":5,"featured_media":11158,"comment_status":"open","ping_status":"open","sticky":false,"template":"","format":"standard","meta":{"footnotes":""},"categories":[5,12],"tags":[473,1110,176,287,72,5013,359,2762],"yoast_head":"<!-- This site is optimized with the Yoast SEO plugin v22.2 - https:\/\/yoast.com\/wordpress\/plugins\/seo\/ -->\n<title>Modelo de seguridad tur\u00edstica es coadyuvante: De la Madrid - Nitu - Noticias de la Industria Turistica<\/title>\n<meta name=\"description\" content=\"Enrique de la Madrid, se\u00f1al\u00f3 que el modelo de seguridad para destinos tur\u00edsticos es coadyuvante con otras acciones que ya se est\u00e1n tomando.\" \/>\n<meta name=\"robots\" content=\"index, follow, max-snippet:-1, max-image-preview:large, max-video-preview:-1\" \/>\n<link rel=\"canonical\" href=\"https:\/\/nitu.mx\/index.php\/2017\/07\/05\/modelo-seguridad-turistica-coadyuvante-la-madrid\/\" \/>\n<meta name=\"twitter:card\" content=\"summary_large_image\" \/>\n<meta name=\"twitter:title\" content=\"Modelo de seguridad tur\u00edstica es coadyuvante: De la Madrid - Nitu - Noticias de la Industria Turistica\" \/>\n<meta name=\"twitter:description\" content=\"Enrique de la Madrid, se\u00f1al\u00f3 que el modelo de seguridad para destinos tur\u00edsticos es coadyuvante con otras acciones que ya se est\u00e1n tomando.\" \/>\n<meta name=\"twitter:image\" content=\"https:\/\/nitu.mx\/wp-content\/uploads\/2017\/07\/Conectividad-Mundo-Maya.jpg\" \/>\n<meta name=\"twitter:creator\" content=\"@NITUmx\" \/>\n<meta name=\"twitter:site\" content=\"@Arturo_Medina_G\" \/>\n<meta name=\"twitter:label1\" content=\"Escrito por\" \/>\n\t<meta name=\"twitter:data1\" content=\"Mari Soto\" \/>\n\t<meta name=\"twitter:label2\" content=\"Tiempo de lectura\" \/>\n\t<meta name=\"twitter:data2\" content=\"2 minutos\" \/>\n<script type=\"application\/ld+json\" class=\"yoast-schema-graph\">{\"@context\":\"https:\/\/schema.org\",\"@graph\":[{\"@type\":\"Article\",\"@id\":\"https:\/\/nitu.mx\/index.php\/2017\/07\/05\/modelo-seguridad-turistica-coadyuvante-la-madrid\/#article\",\"isPartOf\":{\"@id\":\"https:\/\/nitu.mx\/index.php\/2017\/07\/05\/modelo-seguridad-turistica-coadyuvante-la-madrid\/\"},\"author\":{\"name\":\"Mari Soto\",\"@id\":\"https:\/\/nitu.mx\/#\/schema\/person\/afc52e313e27e660739556d421d3d6b4\"},\"headline\":\"Modelo de seguridad tur\u00edstica es coadyuvante: De la Madrid\",\"datePublished\":\"2017-07-06T02:26:20+00:00\",\"dateModified\":\"2017-07-06T04:58:10+00:00\",\"mainEntityOfPage\":{\"@id\":\"https:\/\/nitu.mx\/index.php\/2017\/07\/05\/modelo-seguridad-turistica-coadyuvante-la-madrid\/\"},\"wordCount\":474,\"commentCount\":0,\"publisher\":{\"@id\":\"https:\/\/nitu.mx\/#\/schema\/person\/ae7a53426417292d3dd07b45a33e01bc\"},\"image\":{\"@id\":\"https:\/\/nitu.mx\/index.php\/2017\/07\/05\/modelo-seguridad-turistica-coadyuvante-la-madrid\/#primaryimage\"},\"thumbnailUrl\":\"https:\/\/nitu.mx\/wp-content\/uploads\/2017\/07\/Conectividad-Mundo-Maya.jpg\",\"keywords\":[\"Aeromar\",\"Consejo de Promoci\u00f3n Tur\u00edstica de M\u00e9xico (CPTM)\",\"Enrique de la Madrid\",\"H\u00e9ctor Flores Santana\",\"Mundo Maya\",\"Secretar\u00eda de Gobernaci\u00f3n (Segob)\",\"Secretar\u00eda de Turismo (Sectur)\",\"seguridad\"],\"articleSection\":[\"Destinos\",\"Marketing\"],\"inLanguage\":\"es-MX\",\"potentialAction\":[{\"@type\":\"CommentAction\",\"name\":\"Comment\",\"target\":[\"https:\/\/nitu.mx\/index.php\/2017\/07\/05\/modelo-seguridad-turistica-coadyuvante-la-madrid\/#respond\"]}]},{\"@type\":\"WebPage\",\"@id\":\"https:\/\/nitu.mx\/index.php\/2017\/07\/05\/modelo-seguridad-turistica-coadyuvante-la-madrid\/\",\"url\":\"https:\/\/nitu.mx\/index.php\/2017\/07\/05\/modelo-seguridad-turistica-coadyuvante-la-madrid\/\",\"name\":\"Modelo de seguridad tur\u00edstica es coadyuvante: De la Madrid - Nitu - Noticias de la Industria Turistica\",\"isPartOf\":{\"@id\":\"https:\/\/nitu.mx\/#website\"},\"primaryImageOfPage\":{\"@id\":\"https:\/\/nitu.mx\/index.php\/2017\/07\/05\/modelo-seguridad-turistica-coadyuvante-la-madrid\/#primaryimage\"},\"image\":{\"@id\":\"https:\/\/nitu.mx\/index.php\/2017\/07\/05\/modelo-seguridad-turistica-coadyuvante-la-madrid\/#primaryimage\"},\"thumbnailUrl\":\"https:\/\/nitu.mx\/wp-content\/uploads\/2017\/07\/Conectividad-Mundo-Maya.jpg\",\"datePublished\":\"2017-07-06T02:26:20+00:00\",\"dateModified\":\"2017-07-06T04:58:10+00:00\",\"description\":\"Enrique de la Madrid, se\u00f1al\u00f3 que el modelo de seguridad para destinos tur\u00edsticos es coadyuvante con otras acciones que ya se est\u00e1n tomando.\",\"breadcrumb\":{\"@id\":\"https:\/\/nitu.mx\/index.php\/2017\/07\/05\/modelo-seguridad-turistica-coadyuvante-la-madrid\/#breadcrumb\"},\"inLanguage\":\"es-MX\",\"potentialAction\":[{\"@type\":\"ReadAction\",\"target\":[\"https:\/\/nitu.mx\/index.php\/2017\/07\/05\/modelo-seguridad-turistica-coadyuvante-la-madrid\/\"]}]},{\"@type\":\"ImageObject\",\"inLanguage\":\"es-MX\",\"@id\":\"https:\/\/nitu.mx\/index.php\/2017\/07\/05\/modelo-seguridad-turistica-coadyuvante-la-madrid\/#primaryimage\",\"url\":\"https:\/\/nitu.mx\/wp-content\/uploads\/2017\/07\/Conectividad-Mundo-Maya.jpg\",\"contentUrl\":\"https:\/\/nitu.mx\/wp-content\/uploads\/2017\/07\/Conectividad-Mundo-Maya.jpg\",\"width\":850,\"height\":480,\"caption\":\"seguridad\"},{\"@type\":\"BreadcrumbList\",\"@id\":\"https:\/\/nitu.mx\/index.php\/2017\/07\/05\/modelo-seguridad-turistica-coadyuvante-la-madrid\/#breadcrumb\",\"itemListElement\":[{\"@type\":\"ListItem\",\"position\":1,\"name\":\"Inicio\",\"item\":\"https:\/\/nitu.mx\/\"},{\"@type\":\"ListItem\",\"position\":2,\"name\":\"Modelo de seguridad tur\u00edstica es coadyuvante: De la Madrid\"}]},{\"@type\":\"WebSite\",\"@id\":\"https:\/\/nitu.mx\/#website\",\"url\":\"https:\/\/nitu.mx\/\",\"name\":\"Nitu - Noticias de la Industria Turistica\",\"description\":\"Noticias de la Industria Turistica\",\"publisher\":{\"@id\":\"https:\/\/nitu.mx\/#\/schema\/person\/ae7a53426417292d3dd07b45a33e01bc\"},\"alternateName\":\"Noticias de la Industria Turistica\",\"potentialAction\":[{\"@type\":\"SearchAction\",\"target\":{\"@type\":\"EntryPoint\",\"urlTemplate\":\"https:\/\/nitu.mx\/?s={search_term_string}\"},\"query-input\":\"required name=search_term_string\"}],\"inLanguage\":\"es-MX\"},{\"@type\":[\"Person\",\"Organization\"],\"@id\":\"https:\/\/nitu.mx\/#\/schema\/person\/ae7a53426417292d3dd07b45a33e01bc\",\"name\":\"Arturo Medina\",\"image\":{\"@type\":\"ImageObject\",\"inLanguage\":\"es-MX\",\"@id\":\"https:\/\/nitu.mx\/#\/schema\/person\/image\/\",\"url\":\"https:\/\/nitu.mx\/wp-content\/uploads\/2024\/04\/4A315622-1904-4D5C-B022-878CDC840E04-90x90-1.jpeg\",\"contentUrl\":\"https:\/\/nitu.mx\/wp-content\/uploads\/2024\/04\/4A315622-1904-4D5C-B022-878CDC840E04-90x90-1.jpeg\",\"width\":90,\"height\":90,\"caption\":\"Arturo Medina\"},\"logo\":{\"@id\":\"https:\/\/nitu.mx\/#\/schema\/person\/image\/\"},\"description\":\"Director NITU.mx, Egresado de la Escuela de Periodismo Carlos Septi\u00e9n Garc\u00eda. Periodista y analista especializado en turismo desde hace 35 a\u00f1os, radicado en Canc\u00fan Q.Roo. arturo@nitu.mx\",\"sameAs\":[\"https:\/\/nitu.mx\",\"https:\/\/www.facebook.com\/NITUmx\/\",\"medinacancun\",\"https:\/\/twitter.com\/@Arturo_Medina_G\"]},{\"@type\":\"Person\",\"@id\":\"https:\/\/nitu.mx\/#\/schema\/person\/afc52e313e27e660739556d421d3d6b4\",\"name\":\"Mari Soto\",\"image\":{\"@type\":\"ImageObject\",\"inLanguage\":\"es-MX\",\"@id\":\"https:\/\/nitu.mx\/#\/schema\/person\/image\/\",\"url\":\"https:\/\/secure.gravatar.com\/avatar\/2619c282a180a20d89fcaea82a6736e2?s=96&d=mm&r=g\",\"contentUrl\":\"https:\/\/secure.gravatar.com\/avatar\/2619c282a180a20d89fcaea82a6736e2?s=96&d=mm&r=g\",\"caption\":\"Mari Soto\"},\"sameAs\":[\"https:\/\/nitu.mx\"],\"url\":\"https:\/\/nitu.mx\/index.php\/author\/guadalupe\/\"}]}<\/script>\n<!-- \/ Yoast SEO plugin. -->","yoast_head_json":{"title":"Modelo de seguridad tur\u00edstica es coadyuvante: De la Madrid - Nitu - Noticias de la Industria Turistica","description":"Enrique de la Madrid, se\u00f1al\u00f3 que el modelo de seguridad para destinos tur\u00edsticos es coadyuvante con otras acciones que ya se est\u00e1n tomando.","robots":{"index":"index","follow":"follow","max-snippet":"max-snippet:-1","max-image-preview":"max-image-preview:large","max-video-preview":"max-video-preview:-1"},"canonical":"https:\/\/nitu.mx\/index.php\/2017\/07\/05\/modelo-seguridad-turistica-coadyuvante-la-madrid\/","twitter_card":"summary_large_image","twitter_title":"Modelo de seguridad tur\u00edstica es coadyuvante: De la Madrid - Nitu - Noticias de la Industria Turistica","twitter_description":"Enrique de la Madrid, se\u00f1al\u00f3 que el modelo de seguridad para destinos tur\u00edsticos es coadyuvante con otras acciones que ya se est\u00e1n tomando.","twitter_image":"https:\/\/nitu.mx\/wp-content\/uploads\/2017\/07\/Conectividad-Mundo-Maya.jpg","twitter_creator":"@NITUmx","twitter_site":"@Arturo_Medina_G","twitter_misc":{"Escrito por":"Mari Soto","Tiempo de lectura":"2 minutos"},"schema":{"@context":"https:\/\/schema.org","@graph":[{"@type":"Article","@id":"https:\/\/nitu.mx\/index.php\/2017\/07\/05\/modelo-seguridad-turistica-coadyuvante-la-madrid\/#article","isPartOf":{"@id":"https:\/\/nitu.mx\/index.php\/2017\/07\/05\/modelo-seguridad-turistica-coadyuvante-la-madrid\/"},"author":{"name":"Mari Soto","@id":"https:\/\/nitu.mx\/#\/schema\/person\/afc52e313e27e660739556d421d3d6b4"},"headline":"Modelo de seguridad tur\u00edstica es coadyuvante: De la Madrid","datePublished":"2017-07-06T02:26:20+00:00","dateModified":"2017-07-06T04:58:10+00:00","mainEntityOfPage":{"@id":"https:\/\/nitu.mx\/index.php\/2017\/07\/05\/modelo-seguridad-turistica-coadyuvante-la-madrid\/"},"wordCount":474,"commentCount":0,"publisher":{"@id":"https:\/\/nitu.mx\/#\/schema\/person\/ae7a53426417292d3dd07b45a33e01bc"},"image":{"@id":"https:\/\/nitu.mx\/index.php\/2017\/07\/05\/modelo-seguridad-turistica-coadyuvante-la-madrid\/#primaryimage"},"thumbnailUrl":"https:\/\/nitu.mx\/wp-content\/uploads\/2017\/07\/Conectividad-Mundo-Maya.jpg","keywords":["Aeromar","Consejo de Promoci\u00f3n Tur\u00edstica de M\u00e9xico (CPTM)","Enrique de la Madrid","H\u00e9ctor Flores Santana","Mundo Maya","Secretar\u00eda de Gobernaci\u00f3n (Segob)","Secretar\u00eda de Turismo (Sectur)","seguridad"],"articleSection":["Destinos","Marketing"],"inLanguage":"es-MX","potentialAction":[{"@type":"CommentAction","name":"Comment","target":["https:\/\/nitu.mx\/index.php\/2017\/07\/05\/modelo-seguridad-turistica-coadyuvante-la-madrid\/#respond"]}]},{"@type":"WebPage","@id":"https:\/\/nitu.mx\/index.php\/2017\/07\/05\/modelo-seguridad-turistica-coadyuvante-la-madrid\/","url":"https:\/\/nitu.mx\/index.php\/2017\/07\/05\/modelo-seguridad-turistica-coadyuvante-la-madrid\/","name":"Modelo de seguridad tur\u00edstica es coadyuvante: De la Madrid - Nitu - Noticias de la Industria Turistica","isPartOf":{"@id":"https:\/\/nitu.mx\/#website"},"primaryImageOfPage":{"@id":"https:\/\/nitu.mx\/index.php\/2017\/07\/05\/modelo-seguridad-turistica-coadyuvante-la-madrid\/#primaryimage"},"image":{"@id":"https:\/\/nitu.mx\/index.php\/2017\/07\/05\/modelo-seguridad-turistica-coadyuvante-la-madrid\/#primaryimage"},"thumbnailUrl":"https:\/\/nitu.mx\/wp-content\/uploads\/2017\/07\/Conectividad-Mundo-Maya.jpg","datePublished":"2017-07-06T02:26:20+00:00","dateModified":"2017-07-06T04:58:10+00:00","description":"Enrique de la Madrid, se\u00f1al\u00f3 que el modelo de seguridad para destinos tur\u00edsticos es coadyuvante con otras acciones que ya se est\u00e1n tomando.","breadcrumb":{"@id":"https:\/\/nitu.mx\/index.php\/2017\/07\/05\/modelo-seguridad-turistica-coadyuvante-la-madrid\/#breadcrumb"},"inLanguage":"es-MX","potentialAction":[{"@type":"ReadAction","target":["https:\/\/nitu.mx\/index.php\/2017\/07\/05\/modelo-seguridad-turistica-coadyuvante-la-madrid\/"]}]},{"@type":"ImageObject","inLanguage":"es-MX","@id":"https:\/\/nitu.mx\/index.php\/2017\/07\/05\/modelo-seguridad-turistica-coadyuvante-la-madrid\/#primaryimage","url":"https:\/\/nitu.mx\/wp-content\/uploads\/2017\/07\/Conectividad-Mundo-Maya.jpg","contentUrl":"https:\/\/nitu.mx\/wp-content\/uploads\/2017\/07\/Conectividad-Mundo-Maya.jpg","width":850,"height":480,"caption":"seguridad"},{"@type":"BreadcrumbList","@id":"https:\/\/nitu.mx\/index.php\/2017\/07\/05\/modelo-seguridad-turistica-coadyuvante-la-madrid\/#breadcrumb","itemListElement":[{"@type":"ListItem","position":1,"name":"Inicio","item":"https:\/\/nitu.mx\/"},{"@type":"ListItem","position":2,"name":"Modelo de seguridad tur\u00edstica es coadyuvante: De la Madrid"}]},{"@type":"WebSite","@id":"https:\/\/nitu.mx\/#website","url":"https:\/\/nitu.mx\/","name":"Nitu - Noticias de la Industria Turistica","description":"Noticias de la Industria Turistica","publisher":{"@id":"https:\/\/nitu.mx\/#\/schema\/person\/ae7a53426417292d3dd07b45a33e01bc"},"alternateName":"Noticias de la Industria Turistica","potentialAction":[{"@type":"SearchAction","target":{"@type":"EntryPoint","urlTemplate":"https:\/\/nitu.mx\/?s={search_term_string}"},"query-input":"required name=search_term_string"}],"inLanguage":"es-MX"},{"@type":["Person","Organization"],"@id":"https:\/\/nitu.mx\/#\/schema\/person\/ae7a53426417292d3dd07b45a33e01bc","name":"Arturo Medina","image":{"@type":"ImageObject","inLanguage":"es-MX","@id":"https:\/\/nitu.mx\/#\/schema\/person\/image\/","url":"https:\/\/nitu.mx\/wp-content\/uploads\/2024\/04\/4A315622-1904-4D5C-B022-878CDC840E04-90x90-1.jpeg","contentUrl":"https:\/\/nitu.mx\/wp-content\/uploads\/2024\/04\/4A315622-1904-4D5C-B022-878CDC840E04-90x90-1.jpeg","width":90,"height":90,"caption":"Arturo Medina"},"logo":{"@id":"https:\/\/nitu.mx\/#\/schema\/person\/image\/"},"description":"Director NITU.mx, Egresado de la Escuela de Periodismo Carlos Septi\u00e9n Garc\u00eda. Periodista y analista especializado en turismo desde hace 35 a\u00f1os, radicado en Canc\u00fan Q.Roo. arturo@nitu.mx","sameAs":["https:\/\/nitu.mx","https:\/\/www.facebook.com\/NITUmx\/","medinacancun","https:\/\/twitter.com\/@Arturo_Medina_G"]},{"@type":"Person","@id":"https:\/\/nitu.mx\/#\/schema\/person\/afc52e313e27e660739556d421d3d6b4","name":"Mari Soto","image":{"@type":"ImageObject","inLanguage":"es-MX","@id":"https:\/\/nitu.mx\/#\/schema\/person\/image\/","url":"https:\/\/secure.gravatar.com\/avatar\/2619c282a180a20d89fcaea82a6736e2?s=96&d=mm&r=g","contentUrl":"https:\/\/secure.gravatar.com\/avatar\/2619c282a180a20d89fcaea82a6736e2?s=96&d=mm&r=g","caption":"Mari Soto"},"sameAs":["https:\/\/nitu.mx"],"url":"https:\/\/nitu.mx\/index.php\/author\/guadalupe\/"}]}},"views":242,"_links":{"self":[{"href":"https:\/\/nitu.mx\/index.php\/wp-json\/wp\/v2\/posts\/11155"}],"collection":[{"href":"https:\/\/nitu.mx\/index.php\/wp-json\/wp\/v2\/posts"}],"about":[{"href":"https:\/\/nitu.mx\/index.php\/wp-json\/wp\/v2\/types\/post"}],"author":[{"embeddable":true,"href":"https:\/\/nitu.mx\/index.php\/wp-json\/wp\/v2\/users\/5"}],"replies":[{"embeddable":true,"href":"https:\/\/nitu.mx\/index.php\/wp-json\/wp\/v2\/comments?post=11155"}],"version-history":[{"count":1,"href":"https:\/\/nitu.mx\/index.php\/wp-json\/wp\/v2\/posts\/11155\/revisions"}],"predecessor-version":[{"id":11159,"href":"https:\/\/nitu.mx\/index.php\/wp-json\/wp\/v2\/posts\/11155\/revisions\/11159"}],"wp:featuredmedia":[{"embeddable":true,"href":"https:\/\/nitu.mx\/index.php\/wp-json\/wp\/v2\/media\/11158"}],"wp:attachment":[{"href":"https:\/\/nitu.mx\/index.php\/wp-json\/wp\/v2\/media?parent=11155"}],"wp:term":[{"taxonomy":"category","embeddable":true,"href":"https:\/\/nitu.mx\/index.php\/wp-json\/wp\/v2\/categories?post=11155"},{"taxonomy":"post_tag","embeddable":true,"href":"https:\/\/nitu.mx\/index.php\/wp-json\/wp\/v2\/tags?post=11155"}],"curies":[{"name":"wp","href":"https:\/\/api.w.org\/{rel}","templated":true}]}}