{"id":11109,"date":"2017-07-04T08:58:54","date_gmt":"2017-07-04T13:58:54","guid":{"rendered":"http:\/\/www.dev.nitu.mx\/?p=11109"},"modified":"2017-07-04T22:43:57","modified_gmt":"2017-07-05T03:43:57","slug":"tres-semanas-inicia-la-policia-turistica-cancun-los-cabos-acapulco","status":"publish","type":"post","link":"https:\/\/nitu.mx\/index.php\/2017\/07\/04\/tres-semanas-inicia-la-policia-turistica-cancun-los-cabos-acapulco\/","title":{"rendered":"En tres semanas inicia el proyecto piloto de polic\u00eda tur\u00edstica en: Canc\u00fan, Los Cabos y Acapulco"},"content":{"rendered":"<p>La Secretar\u00eda de Turismo (Sectur) emprender\u00e1 en las pr\u00f3ximas tres semanas un programa especial para atender la seguridad en las zonas tur\u00edsticas, ante su fragilidad y peso en la econom\u00eda nacional.<\/p>\n<p>Enrique de la Madrid, titular de la dependencia, apunt\u00f3 que el sector estima que los ingresos por turista para este a\u00f1o aumentar\u00e1n cerca de 11 por ciento\u00a0lo que implicar\u00e1 dos mil millones de d\u00f3lares m\u00e1s respecto al a\u00f1o pasado, lo que permite calcular que la derrama por turismo al cierre de este 2017 sea de\u00a021 mil millones de d\u00f3lares.<\/p>\n<p>El plan de seguridad se trata de un programa piloto que operar\u00e1 en tres principales destinos: Los Cabos, Canc\u00fan y Acapulco, y se coordinar\u00e1 con la Secretar\u00eda de Gobernaci\u00f3n. La nueva polic\u00eda tur\u00edstica implicar\u00e1 un nuevo modelo de vigilancia, en el que se pretende que participe la comunidad empresarial, los estados, los municipios, la ciudadan\u00eda, y que va a requerir de la aportaci\u00f3n en todos los \u00f3rdenes de gobierno dijo en entrevista para el programa El asalto a la raz\u00f3n.<\/p>\n<p>El titular de la Sectur, remarc\u00f3: \u201cSe van a requerir recursos y los van a tener que dar los empresarios, pero a cambio de eso, los gobiernos tienen que ser m\u00e1s abiertos, transparentes e incluyentes, y permitir que a trav\u00e9s de los consejos ciudadanos, que ya existen, el empresario puede vigilar que se cumplen los compromisos adquiridos\u201d, como ya lo hab\u00eda reiterado anteriormente. (<a title=\"De la Madrid: \u201cTrabajamos en que recursos por impuestos sean claros y transparentes\u201d\" href=\"http:\/\/www.dev.nitu.mx\/index.php\/2017\/05\/24\/de-la-madrid-trabajamos-en-que-recursos-por-impuestos-sean-claros-y-transparentes\/\" rel=\"bookmark\">De la Madrid: \u201cTrabajamos en que recursos por impuestos sean claros y transparentes\u201d<\/a>).<\/p>\n<p>Dijo que lo que m\u00e1s les preocupa ahora, es la repercusi\u00f3n a la imagen en el exterior de los principales destinos de M\u00e9xico.<\/p>\n<p>Ya que la inseguridad para el turismo es un tema muy delicado.<\/p>\n<p>La asignaci\u00f3n de recursos para la nueva polic\u00eda tur\u00edstica se tratar\u00e1 caso por caso con los empresarios del lugar y con los estados, refiere Milenio.com.<\/p>\n<p>Reiter\u00f3 que para combatir la inseguridad, se necesita un estado de derecho de verdad, con instituciones p\u00fablicas s\u00f3lidas que den becas y apoyo a los hijos de los polic\u00edas.<\/p>\n<p>Para el encargado de la pol\u00edtica tur\u00edstica en el pa\u00eds, uno de los principales alicientes para el repunte de la inseguridad, fueron las modificaciones al nuevo sistema penal acusatorio; por dos razones: por una parte dejaron de tener o causar prisi\u00f3n preventiva oficiosa quienes portan armas exclusivamente de uso del Ej\u00e9rcito.<\/p>\n<p>Ejemplific\u00f3 que muestra de ello, es que de un a\u00f1o a la fecha el n\u00famero de homicidios dolosos creci\u00f3 cerca de 30 por ciento. El segundo aspecto fue que tambi\u00e9n salieron de las prisiones aquellos presuntos delincuentes cuyos abogados denunciaron violaci\u00f3n al debido proceso, fueron unos cuatro y cinco mil personas.<\/p>\n<p>A partir de que entraron estas modificaciones, es que se observa un repunte en la inseguridad, por ello se debe hacer una reforma al sistema penal acusatorio.<\/p>\n<p>De la Madrid Cordero apunt\u00f3: \u201csi hemos sido capaces de hacer inversiones multimillonarias en infraestructura, \u00bfno podr\u00edamos garantizar la seguridad en los caminos?, sino \u00bfpara qu\u00e9 hacemos esas inversiones? cuestion\u00f3.<\/p>\n","protected":false},"excerpt":{"rendered":"<p>La Secretar\u00eda de Turismo (Sectur) emprender\u00e1 en las pr\u00f3ximas tres semanas un programa especial para atender la seguridad en las zonas tur\u00edsticas, ante su fragilidad y peso en la econom\u00eda nacional. Enrique de la Madrid, titular de la dependencia, apunt\u00f3 que el sector estima que los ingresos por turista para este a\u00f1o aumentar\u00e1n cerca de [&hellip;]<\/p>\n","protected":false},"author":17,"featured_media":11128,"comment_status":"open","ping_status":"open","sticky":false,"template":"","format":"standard","meta":{"footnotes":""},"categories":[5,12],"tags":[40,43,176,130,945,359,2762,4993],"yoast_head":"<!-- This site is optimized with the Yoast SEO plugin v22.2 - https:\/\/yoast.com\/wordpress\/plugins\/seo\/ -->\n<title>En tres semanas inicia el proyecto piloto de polic\u00eda tur\u00edstica en: Canc\u00fan, Los Cabos y Acapulco - Nitu - Noticias de la Industria Turistica<\/title>\n<meta name=\"description\" content=\"La nueva polic\u00eda tur\u00edstica implicar\u00e1 un nuevo modelo de vigilancia, en el que participe la comunidad empresarial, los estados, los municipios, la ciudadan\u00eda\" \/>\n<meta name=\"robots\" content=\"index, follow, max-snippet:-1, max-image-preview:large, max-video-preview:-1\" \/>\n<link rel=\"canonical\" href=\"https:\/\/nitu.mx\/index.php\/2017\/07\/04\/tres-semanas-inicia-la-policia-turistica-cancun-los-cabos-acapulco\/\" \/>\n<meta name=\"twitter:card\" content=\"summary_large_image\" \/>\n<meta name=\"twitter:title\" content=\"En tres semanas inicia el proyecto piloto de polic\u00eda tur\u00edstica en: Canc\u00fan, Los Cabos y Acapulco - Nitu - Noticias de la Industria Turistica\" \/>\n<meta name=\"twitter:description\" content=\"La nueva polic\u00eda tur\u00edstica implicar\u00e1 un nuevo modelo de vigilancia, en el que participe la comunidad empresarial, los estados, los municipios, la ciudadan\u00eda\" \/>\n<meta name=\"twitter:image\" content=\"https:\/\/nitu.mx\/wp-content\/uploads\/2017\/07\/CUN-1.jpg\" \/>\n<meta name=\"twitter:creator\" content=\"@NITUmx\" \/>\n<meta name=\"twitter:site\" content=\"@Arturo_Medina_G\" \/>\n<meta name=\"twitter:label1\" content=\"Escrito por\" \/>\n\t<meta name=\"twitter:data1\" content=\"Redacci\u00f3n\" \/>\n\t<meta name=\"twitter:label2\" content=\"Tiempo de lectura\" \/>\n\t<meta name=\"twitter:data2\" content=\"3 minutos\" \/>\n<script type=\"application\/ld+json\" class=\"yoast-schema-graph\">{\"@context\":\"https:\/\/schema.org\",\"@graph\":[{\"@type\":\"Article\",\"@id\":\"https:\/\/nitu.mx\/index.php\/2017\/07\/04\/tres-semanas-inicia-la-policia-turistica-cancun-los-cabos-acapulco\/#article\",\"isPartOf\":{\"@id\":\"https:\/\/nitu.mx\/index.php\/2017\/07\/04\/tres-semanas-inicia-la-policia-turistica-cancun-los-cabos-acapulco\/\"},\"author\":{\"name\":\"Redacci\u00f3n\",\"@id\":\"https:\/\/nitu.mx\/#\/schema\/person\/4a28fe9bd65924f7c90623773daf1b0b\"},\"headline\":\"En tres semanas inicia el proyecto piloto de polic\u00eda tur\u00edstica en: Canc\u00fan, Los Cabos y Acapulco\",\"datePublished\":\"2017-07-04T13:58:54+00:00\",\"dateModified\":\"2017-07-05T03:43:57+00:00\",\"mainEntityOfPage\":{\"@id\":\"https:\/\/nitu.mx\/index.php\/2017\/07\/04\/tres-semanas-inicia-la-policia-turistica-cancun-los-cabos-acapulco\/\"},\"wordCount\":552,\"commentCount\":0,\"publisher\":{\"@id\":\"https:\/\/nitu.mx\/#\/schema\/person\/ae7a53426417292d3dd07b45a33e01bc\"},\"image\":{\"@id\":\"https:\/\/nitu.mx\/index.php\/2017\/07\/04\/tres-semanas-inicia-la-policia-turistica-cancun-los-cabos-acapulco\/#primaryimage\"},\"thumbnailUrl\":\"https:\/\/nitu.mx\/wp-content\/uploads\/2017\/07\/CUN-1.jpg\",\"keywords\":[\"Acapulco\",\"Canc\u00fan\",\"Enrique de la Madrid\",\"Los Cabos\",\"Secretar\u00eda de Gobernaci\u00f3n\",\"Secretar\u00eda de Turismo (Sectur)\",\"seguridad\",\"zonas tur\u00edsticas\"],\"articleSection\":[\"Destinos\",\"Marketing\"],\"inLanguage\":\"es-MX\",\"potentialAction\":[{\"@type\":\"CommentAction\",\"name\":\"Comment\",\"target\":[\"https:\/\/nitu.mx\/index.php\/2017\/07\/04\/tres-semanas-inicia-la-policia-turistica-cancun-los-cabos-acapulco\/#respond\"]}]},{\"@type\":\"WebPage\",\"@id\":\"https:\/\/nitu.mx\/index.php\/2017\/07\/04\/tres-semanas-inicia-la-policia-turistica-cancun-los-cabos-acapulco\/\",\"url\":\"https:\/\/nitu.mx\/index.php\/2017\/07\/04\/tres-semanas-inicia-la-policia-turistica-cancun-los-cabos-acapulco\/\",\"name\":\"En tres semanas inicia el proyecto piloto de polic\u00eda tur\u00edstica en: Canc\u00fan, Los Cabos y Acapulco - Nitu - Noticias de la Industria Turistica\",\"isPartOf\":{\"@id\":\"https:\/\/nitu.mx\/#website\"},\"primaryImageOfPage\":{\"@id\":\"https:\/\/nitu.mx\/index.php\/2017\/07\/04\/tres-semanas-inicia-la-policia-turistica-cancun-los-cabos-acapulco\/#primaryimage\"},\"image\":{\"@id\":\"https:\/\/nitu.mx\/index.php\/2017\/07\/04\/tres-semanas-inicia-la-policia-turistica-cancun-los-cabos-acapulco\/#primaryimage\"},\"thumbnailUrl\":\"https:\/\/nitu.mx\/wp-content\/uploads\/2017\/07\/CUN-1.jpg\",\"datePublished\":\"2017-07-04T13:58:54+00:00\",\"dateModified\":\"2017-07-05T03:43:57+00:00\",\"description\":\"La nueva polic\u00eda tur\u00edstica implicar\u00e1 un nuevo modelo de vigilancia, en el que participe la comunidad empresarial, los estados, los municipios, la ciudadan\u00eda\",\"breadcrumb\":{\"@id\":\"https:\/\/nitu.mx\/index.php\/2017\/07\/04\/tres-semanas-inicia-la-policia-turistica-cancun-los-cabos-acapulco\/#breadcrumb\"},\"inLanguage\":\"es-MX\",\"potentialAction\":[{\"@type\":\"ReadAction\",\"target\":[\"https:\/\/nitu.mx\/index.php\/2017\/07\/04\/tres-semanas-inicia-la-policia-turistica-cancun-los-cabos-acapulco\/\"]}]},{\"@type\":\"ImageObject\",\"inLanguage\":\"es-MX\",\"@id\":\"https:\/\/nitu.mx\/index.php\/2017\/07\/04\/tres-semanas-inicia-la-policia-turistica-cancun-los-cabos-acapulco\/#primaryimage\",\"url\":\"https:\/\/nitu.mx\/wp-content\/uploads\/2017\/07\/CUN-1.jpg\",\"contentUrl\":\"https:\/\/nitu.mx\/wp-content\/uploads\/2017\/07\/CUN-1.jpg\",\"width\":850,\"height\":480,\"caption\":\"polic\u00eda tur\u00edstica\"},{\"@type\":\"BreadcrumbList\",\"@id\":\"https:\/\/nitu.mx\/index.php\/2017\/07\/04\/tres-semanas-inicia-la-policia-turistica-cancun-los-cabos-acapulco\/#breadcrumb\",\"itemListElement\":[{\"@type\":\"ListItem\",\"position\":1,\"name\":\"Inicio\",\"item\":\"https:\/\/nitu.mx\/\"},{\"@type\":\"ListItem\",\"position\":2,\"name\":\"En tres semanas inicia el proyecto piloto de polic\u00eda tur\u00edstica en: Canc\u00fan, Los Cabos y Acapulco\"}]},{\"@type\":\"WebSite\",\"@id\":\"https:\/\/nitu.mx\/#website\",\"url\":\"https:\/\/nitu.mx\/\",\"name\":\"Nitu - Noticias de la Industria Turistica\",\"description\":\"Noticias de la Industria Turistica\",\"publisher\":{\"@id\":\"https:\/\/nitu.mx\/#\/schema\/person\/ae7a53426417292d3dd07b45a33e01bc\"},\"alternateName\":\"Noticias de la Industria Turistica\",\"potentialAction\":[{\"@type\":\"SearchAction\",\"target\":{\"@type\":\"EntryPoint\",\"urlTemplate\":\"https:\/\/nitu.mx\/?s={search_term_string}\"},\"query-input\":\"required name=search_term_string\"}],\"inLanguage\":\"es-MX\"},{\"@type\":[\"Person\",\"Organization\"],\"@id\":\"https:\/\/nitu.mx\/#\/schema\/person\/ae7a53426417292d3dd07b45a33e01bc\",\"name\":\"Arturo Medina\",\"image\":{\"@type\":\"ImageObject\",\"inLanguage\":\"es-MX\",\"@id\":\"https:\/\/nitu.mx\/#\/schema\/person\/image\/\",\"url\":\"https:\/\/nitu.mx\/wp-content\/uploads\/2024\/04\/4A315622-1904-4D5C-B022-878CDC840E04-90x90-1.jpeg\",\"contentUrl\":\"https:\/\/nitu.mx\/wp-content\/uploads\/2024\/04\/4A315622-1904-4D5C-B022-878CDC840E04-90x90-1.jpeg\",\"width\":90,\"height\":90,\"caption\":\"Arturo Medina\"},\"logo\":{\"@id\":\"https:\/\/nitu.mx\/#\/schema\/person\/image\/\"},\"description\":\"Director NITU.mx, Egresado de la Escuela de Periodismo Carlos Septi\u00e9n Garc\u00eda. Periodista y analista especializado en turismo desde hace 35 a\u00f1os, radicado en Canc\u00fan Q.Roo. arturo@nitu.mx\",\"sameAs\":[\"https:\/\/nitu.mx\",\"https:\/\/www.facebook.com\/NITUmx\/\",\"medinacancun\",\"https:\/\/twitter.com\/@Arturo_Medina_G\"]},{\"@type\":\"Person\",\"@id\":\"https:\/\/nitu.mx\/#\/schema\/person\/4a28fe9bd65924f7c90623773daf1b0b\",\"name\":\"Redacci\u00f3n\",\"image\":{\"@type\":\"ImageObject\",\"inLanguage\":\"es-MX\",\"@id\":\"https:\/\/nitu.mx\/#\/schema\/person\/image\/\",\"url\":\"https:\/\/secure.gravatar.com\/avatar\/5dd011c8ccfc5cd7e4c81e42252aab38?s=96&d=mm&r=g\",\"contentUrl\":\"https:\/\/secure.gravatar.com\/avatar\/5dd011c8ccfc5cd7e4c81e42252aab38?s=96&d=mm&r=g\",\"caption\":\"Redacci\u00f3n\"},\"url\":\"https:\/\/nitu.mx\/index.php\/author\/redaccion\/\"}]}<\/script>\n<!-- \/ Yoast SEO plugin. -->","yoast_head_json":{"title":"En tres semanas inicia el proyecto piloto de polic\u00eda tur\u00edstica en: Canc\u00fan, Los Cabos y Acapulco - Nitu - Noticias de la Industria Turistica","description":"La nueva polic\u00eda tur\u00edstica implicar\u00e1 un nuevo modelo de vigilancia, en el que participe la comunidad empresarial, los estados, los municipios, la ciudadan\u00eda","robots":{"index":"index","follow":"follow","max-snippet":"max-snippet:-1","max-image-preview":"max-image-preview:large","max-video-preview":"max-video-preview:-1"},"canonical":"https:\/\/nitu.mx\/index.php\/2017\/07\/04\/tres-semanas-inicia-la-policia-turistica-cancun-los-cabos-acapulco\/","twitter_card":"summary_large_image","twitter_title":"En tres semanas inicia el proyecto piloto de polic\u00eda tur\u00edstica en: Canc\u00fan, Los Cabos y Acapulco - Nitu - Noticias de la Industria Turistica","twitter_description":"La nueva polic\u00eda tur\u00edstica implicar\u00e1 un nuevo modelo de vigilancia, en el que participe la comunidad empresarial, los estados, los municipios, la ciudadan\u00eda","twitter_image":"https:\/\/nitu.mx\/wp-content\/uploads\/2017\/07\/CUN-1.jpg","twitter_creator":"@NITUmx","twitter_site":"@Arturo_Medina_G","twitter_misc":{"Escrito por":"Redacci\u00f3n","Tiempo de lectura":"3 minutos"},"schema":{"@context":"https:\/\/schema.org","@graph":[{"@type":"Article","@id":"https:\/\/nitu.mx\/index.php\/2017\/07\/04\/tres-semanas-inicia-la-policia-turistica-cancun-los-cabos-acapulco\/#article","isPartOf":{"@id":"https:\/\/nitu.mx\/index.php\/2017\/07\/04\/tres-semanas-inicia-la-policia-turistica-cancun-los-cabos-acapulco\/"},"author":{"name":"Redacci\u00f3n","@id":"https:\/\/nitu.mx\/#\/schema\/person\/4a28fe9bd65924f7c90623773daf1b0b"},"headline":"En tres semanas inicia el proyecto piloto de polic\u00eda tur\u00edstica en: Canc\u00fan, Los Cabos y Acapulco","datePublished":"2017-07-04T13:58:54+00:00","dateModified":"2017-07-05T03:43:57+00:00","mainEntityOfPage":{"@id":"https:\/\/nitu.mx\/index.php\/2017\/07\/04\/tres-semanas-inicia-la-policia-turistica-cancun-los-cabos-acapulco\/"},"wordCount":552,"commentCount":0,"publisher":{"@id":"https:\/\/nitu.mx\/#\/schema\/person\/ae7a53426417292d3dd07b45a33e01bc"},"image":{"@id":"https:\/\/nitu.mx\/index.php\/2017\/07\/04\/tres-semanas-inicia-la-policia-turistica-cancun-los-cabos-acapulco\/#primaryimage"},"thumbnailUrl":"https:\/\/nitu.mx\/wp-content\/uploads\/2017\/07\/CUN-1.jpg","keywords":["Acapulco","Canc\u00fan","Enrique de la Madrid","Los Cabos","Secretar\u00eda de Gobernaci\u00f3n","Secretar\u00eda de Turismo (Sectur)","seguridad","zonas tur\u00edsticas"],"articleSection":["Destinos","Marketing"],"inLanguage":"es-MX","potentialAction":[{"@type":"CommentAction","name":"Comment","target":["https:\/\/nitu.mx\/index.php\/2017\/07\/04\/tres-semanas-inicia-la-policia-turistica-cancun-los-cabos-acapulco\/#respond"]}]},{"@type":"WebPage","@id":"https:\/\/nitu.mx\/index.php\/2017\/07\/04\/tres-semanas-inicia-la-policia-turistica-cancun-los-cabos-acapulco\/","url":"https:\/\/nitu.mx\/index.php\/2017\/07\/04\/tres-semanas-inicia-la-policia-turistica-cancun-los-cabos-acapulco\/","name":"En tres semanas inicia el proyecto piloto de polic\u00eda tur\u00edstica en: Canc\u00fan, Los Cabos y Acapulco - Nitu - Noticias de la Industria Turistica","isPartOf":{"@id":"https:\/\/nitu.mx\/#website"},"primaryImageOfPage":{"@id":"https:\/\/nitu.mx\/index.php\/2017\/07\/04\/tres-semanas-inicia-la-policia-turistica-cancun-los-cabos-acapulco\/#primaryimage"},"image":{"@id":"https:\/\/nitu.mx\/index.php\/2017\/07\/04\/tres-semanas-inicia-la-policia-turistica-cancun-los-cabos-acapulco\/#primaryimage"},"thumbnailUrl":"https:\/\/nitu.mx\/wp-content\/uploads\/2017\/07\/CUN-1.jpg","datePublished":"2017-07-04T13:58:54+00:00","dateModified":"2017-07-05T03:43:57+00:00","description":"La nueva polic\u00eda tur\u00edstica implicar\u00e1 un nuevo modelo de vigilancia, en el que participe la comunidad empresarial, los estados, los municipios, la ciudadan\u00eda","breadcrumb":{"@id":"https:\/\/nitu.mx\/index.php\/2017\/07\/04\/tres-semanas-inicia-la-policia-turistica-cancun-los-cabos-acapulco\/#breadcrumb"},"inLanguage":"es-MX","potentialAction":[{"@type":"ReadAction","target":["https:\/\/nitu.mx\/index.php\/2017\/07\/04\/tres-semanas-inicia-la-policia-turistica-cancun-los-cabos-acapulco\/"]}]},{"@type":"ImageObject","inLanguage":"es-MX","@id":"https:\/\/nitu.mx\/index.php\/2017\/07\/04\/tres-semanas-inicia-la-policia-turistica-cancun-los-cabos-acapulco\/#primaryimage","url":"https:\/\/nitu.mx\/wp-content\/uploads\/2017\/07\/CUN-1.jpg","contentUrl":"https:\/\/nitu.mx\/wp-content\/uploads\/2017\/07\/CUN-1.jpg","width":850,"height":480,"caption":"polic\u00eda tur\u00edstica"},{"@type":"BreadcrumbList","@id":"https:\/\/nitu.mx\/index.php\/2017\/07\/04\/tres-semanas-inicia-la-policia-turistica-cancun-los-cabos-acapulco\/#breadcrumb","itemListElement":[{"@type":"ListItem","position":1,"name":"Inicio","item":"https:\/\/nitu.mx\/"},{"@type":"ListItem","position":2,"name":"En tres semanas inicia el proyecto piloto de polic\u00eda tur\u00edstica en: Canc\u00fan, Los Cabos y Acapulco"}]},{"@type":"WebSite","@id":"https:\/\/nitu.mx\/#website","url":"https:\/\/nitu.mx\/","name":"Nitu - Noticias de la Industria Turistica","description":"Noticias de la Industria Turistica","publisher":{"@id":"https:\/\/nitu.mx\/#\/schema\/person\/ae7a53426417292d3dd07b45a33e01bc"},"alternateName":"Noticias de la Industria Turistica","potentialAction":[{"@type":"SearchAction","target":{"@type":"EntryPoint","urlTemplate":"https:\/\/nitu.mx\/?s={search_term_string}"},"query-input":"required name=search_term_string"}],"inLanguage":"es-MX"},{"@type":["Person","Organization"],"@id":"https:\/\/nitu.mx\/#\/schema\/person\/ae7a53426417292d3dd07b45a33e01bc","name":"Arturo Medina","image":{"@type":"ImageObject","inLanguage":"es-MX","@id":"https:\/\/nitu.mx\/#\/schema\/person\/image\/","url":"https:\/\/nitu.mx\/wp-content\/uploads\/2024\/04\/4A315622-1904-4D5C-B022-878CDC840E04-90x90-1.jpeg","contentUrl":"https:\/\/nitu.mx\/wp-content\/uploads\/2024\/04\/4A315622-1904-4D5C-B022-878CDC840E04-90x90-1.jpeg","width":90,"height":90,"caption":"Arturo Medina"},"logo":{"@id":"https:\/\/nitu.mx\/#\/schema\/person\/image\/"},"description":"Director NITU.mx, Egresado de la Escuela de Periodismo Carlos Septi\u00e9n Garc\u00eda. Periodista y analista especializado en turismo desde hace 35 a\u00f1os, radicado en Canc\u00fan Q.Roo. arturo@nitu.mx","sameAs":["https:\/\/nitu.mx","https:\/\/www.facebook.com\/NITUmx\/","medinacancun","https:\/\/twitter.com\/@Arturo_Medina_G"]},{"@type":"Person","@id":"https:\/\/nitu.mx\/#\/schema\/person\/4a28fe9bd65924f7c90623773daf1b0b","name":"Redacci\u00f3n","image":{"@type":"ImageObject","inLanguage":"es-MX","@id":"https:\/\/nitu.mx\/#\/schema\/person\/image\/","url":"https:\/\/secure.gravatar.com\/avatar\/5dd011c8ccfc5cd7e4c81e42252aab38?s=96&d=mm&r=g","contentUrl":"https:\/\/secure.gravatar.com\/avatar\/5dd011c8ccfc5cd7e4c81e42252aab38?s=96&d=mm&r=g","caption":"Redacci\u00f3n"},"url":"https:\/\/nitu.mx\/index.php\/author\/redaccion\/"}]}},"views":349,"_links":{"self":[{"href":"https:\/\/nitu.mx\/index.php\/wp-json\/wp\/v2\/posts\/11109"}],"collection":[{"href":"https:\/\/nitu.mx\/index.php\/wp-json\/wp\/v2\/posts"}],"about":[{"href":"https:\/\/nitu.mx\/index.php\/wp-json\/wp\/v2\/types\/post"}],"author":[{"embeddable":true,"href":"https:\/\/nitu.mx\/index.php\/wp-json\/wp\/v2\/users\/17"}],"replies":[{"embeddable":true,"href":"https:\/\/nitu.mx\/index.php\/wp-json\/wp\/v2\/comments?post=11109"}],"version-history":[{"count":5,"href":"https:\/\/nitu.mx\/index.php\/wp-json\/wp\/v2\/posts\/11109\/revisions"}],"predecessor-version":[{"id":11129,"href":"https:\/\/nitu.mx\/index.php\/wp-json\/wp\/v2\/posts\/11109\/revisions\/11129"}],"wp:featuredmedia":[{"embeddable":true,"href":"https:\/\/nitu.mx\/index.php\/wp-json\/wp\/v2\/media\/11128"}],"wp:attachment":[{"href":"https:\/\/nitu.mx\/index.php\/wp-json\/wp\/v2\/media?parent=11109"}],"wp:term":[{"taxonomy":"category","embeddable":true,"href":"https:\/\/nitu.mx\/index.php\/wp-json\/wp\/v2\/categories?post=11109"},{"taxonomy":"post_tag","embeddable":true,"href":"https:\/\/nitu.mx\/index.php\/wp-json\/wp\/v2\/tags?post=11109"}],"curies":[{"name":"wp","href":"https:\/\/api.w.org\/{rel}","templated":true}]}}