{"id":10809,"date":"2017-06-22T21:08:22","date_gmt":"2017-06-23T02:08:22","guid":{"rendered":"http:\/\/www.dev.nitu.mx\/?p=10809"},"modified":"2017-06-23T00:05:22","modified_gmt":"2017-06-23T05:05:22","slug":"fiscalizacion-a-la-caza-de-rentas-vacacionales-en-playa-del-carmen","status":"publish","type":"post","link":"https:\/\/nitu.mx\/index.php\/2017\/06\/22\/fiscalizacion-a-la-caza-de-rentas-vacacionales-en-playa-del-carmen\/","title":{"rendered":"Fiscalizaci\u00f3n, a la \u2018caza\u2019 de rentas vacacionales en Playa del Carmen"},"content":{"rendered":"<p>Leslie Jennifer P\u00e9rez Ceballos, directora de Fiscalizaci\u00f3n de Solidaridad, hizo un llamado a las personas que tienen condominios o habitaciones y los usan en rentas vacacionales a regularizarse.<\/p>\n<p>Y es que asegur\u00f3 que actualmente hay un operativo en el que se ha solicitado su colaboraci\u00f3n en alrededor de 60 casos de habitaciones y entre 20 y 25 condominios.<\/p>\n<p>Destac\u00f3 que se han localizado m\u00e1s de 2 mil 500 publicidades de rentas, de las cuales se hace un an\u00e1lisis para determinar, cu\u00e1les se usan para fines vacacionales.<\/p>\n<p>\u201cLa publicidad que ellos vienen manejando nos da el par\u00e1metro, de lo que est\u00e1n ofreciendo por cada condominio\u201d, asegur\u00f3.<\/p>\n<p>Dijo que despu\u00e9s de tenerlos identificados, se les deja los requerimientos para que se acerquen a las oficinas de Fiscalizaci\u00f3n y corroborar si est\u00e1n dados de alta y posteriormente deber\u00e1n ir al SARE para hacer todo el tr\u00e1mite para regularizarse.<\/p>\n<p>\u201cDentro del reglamento o c\u00f3digo fiscal, hay apartados en los que pueden tener sus licencias de funcionamiento por cada una de esas habitaciones, o m\u00e1s bien una cierta asociaci\u00f3n qu\u00e9 se debe formar, qu\u00e9 no est\u00e1, qu\u00e9 vamos a ver, c\u00f3mo la vamos a integrar, a incorporar, para hacer una sola sociedad, una raz\u00f3n social para que todos ellos se incorporen y sean un solo grupo, y sobre ellos nosotros poder ir trabajando\u201d, prosigui\u00f3.<\/p>\n<p>Destac\u00f3 que ya se acercaron a la dependencia entre 15 y 20 personas, y muchos de ellos piden pr\u00f3rrogas para poder regularizarse.<\/p>\n<p>\u201cLocalizados est\u00e1n, los estamos tocando, son much\u00edsimos, estamos avanzando poco a poco para tocar a todos y cada uno de ellos, por toda la publicidad que ellos tienen, pero s\u00ed estamos llegando, dentro del grupo de fiscales que tenemos, tememos un grupo apartado para que se dedique solamente a tocar rentas vacacionales\u201d, informa Noticaribe.<\/p>\n<p>El auge de las rentas vacacionales ya est\u00e1 generando el desarrollo de m\u00e1s empresas que obligan a crear lineamientos espec\u00edficos, como se ha informado en <em><strong>NITU.mx<\/strong><\/em>.\u00a0(<a title=\"Hundredrooms tendr\u00e1 metabuscador para comparar precios de rentas vacacionales\" href=\"http:\/\/www.dev.nitu.mx\/index.php\/2017\/06\/14\/hundredrooms-tendra-metabuscador-para-comparar-precios-de-rentas-vacacionales\/\" rel=\"bookmark\">Hundredrooms tendr\u00e1 metabuscador para comparar precios de rentas vacacionales<\/a>).<\/p>\n","protected":false},"excerpt":{"rendered":"<p>Leslie Jennifer P\u00e9rez Ceballos, directora de Fiscalizaci\u00f3n de Solidaridad, hizo un llamado a las personas que tienen condominios o habitaciones y los usan en rentas vacacionales a regularizarse. Y es que asegur\u00f3 que actualmente hay un operativo en el que se ha solicitado su colaboraci\u00f3n en alrededor de 60 casos de habitaciones y entre 20 [&hellip;]<\/p>\n","protected":false},"author":17,"featured_media":10820,"comment_status":"open","ping_status":"open","sticky":false,"template":"","format":"standard","meta":{"footnotes":""},"categories":[5,2],"tags":[4869,4868,405,4878],"yoast_head":"<!-- This site is optimized with the Yoast SEO plugin v22.2 - https:\/\/yoast.com\/wordpress\/plugins\/seo\/ -->\n<title>Fiscalizaci\u00f3n, a la \u2018caza\u2019 de rentas vacacionales en Playa del Carmen - Nitu - Noticias de la Industria Turistica<\/title>\n<meta name=\"description\" content=\"La directora de Fiscalizaci\u00f3n de Solidaridad hizo un llamado a las personas que tienen usan en rentas vacacionales a regularizarse.\" \/>\n<meta name=\"robots\" content=\"index, follow, max-snippet:-1, max-image-preview:large, max-video-preview:-1\" \/>\n<link rel=\"canonical\" href=\"https:\/\/nitu.mx\/index.php\/2017\/06\/22\/fiscalizacion-a-la-caza-de-rentas-vacacionales-en-playa-del-carmen\/\" \/>\n<meta name=\"twitter:card\" content=\"summary_large_image\" \/>\n<meta name=\"twitter:title\" content=\"Fiscalizaci\u00f3n, a la \u2018caza\u2019 de rentas vacacionales en Playa del Carmen - Nitu - Noticias de la Industria Turistica\" \/>\n<meta name=\"twitter:description\" content=\"La directora de Fiscalizaci\u00f3n de Solidaridad hizo un llamado a las personas que tienen usan en rentas vacacionales a regularizarse.\" \/>\n<meta name=\"twitter:image\" content=\"https:\/\/nitu.mx\/wp-content\/uploads\/2017\/06\/Casas-vacacionales-Playa-del-carmen.jpg\" \/>\n<meta name=\"twitter:creator\" content=\"@NITUmx\" \/>\n<meta name=\"twitter:site\" content=\"@Arturo_Medina_G\" \/>\n<meta name=\"twitter:label1\" content=\"Escrito por\" \/>\n\t<meta name=\"twitter:data1\" content=\"Redacci\u00f3n\" \/>\n\t<meta name=\"twitter:label2\" content=\"Tiempo de lectura\" \/>\n\t<meta name=\"twitter:data2\" content=\"2 minutos\" \/>\n<script type=\"application\/ld+json\" class=\"yoast-schema-graph\">{\"@context\":\"https:\/\/schema.org\",\"@graph\":[{\"@type\":\"Article\",\"@id\":\"https:\/\/nitu.mx\/index.php\/2017\/06\/22\/fiscalizacion-a-la-caza-de-rentas-vacacionales-en-playa-del-carmen\/#article\",\"isPartOf\":{\"@id\":\"https:\/\/nitu.mx\/index.php\/2017\/06\/22\/fiscalizacion-a-la-caza-de-rentas-vacacionales-en-playa-del-carmen\/\"},\"author\":{\"name\":\"Redacci\u00f3n\",\"@id\":\"https:\/\/nitu.mx\/#\/schema\/person\/4a28fe9bd65924f7c90623773daf1b0b\"},\"headline\":\"Fiscalizaci\u00f3n, a la \u2018caza\u2019 de rentas vacacionales en Playa del Carmen\",\"datePublished\":\"2017-06-23T02:08:22+00:00\",\"dateModified\":\"2017-06-23T05:05:22+00:00\",\"mainEntityOfPage\":{\"@id\":\"https:\/\/nitu.mx\/index.php\/2017\/06\/22\/fiscalizacion-a-la-caza-de-rentas-vacacionales-en-playa-del-carmen\/\"},\"wordCount\":359,\"commentCount\":0,\"publisher\":{\"@id\":\"https:\/\/nitu.mx\/#\/schema\/person\/ae7a53426417292d3dd07b45a33e01bc\"},\"image\":{\"@id\":\"https:\/\/nitu.mx\/index.php\/2017\/06\/22\/fiscalizacion-a-la-caza-de-rentas-vacacionales-en-playa-del-carmen\/#primaryimage\"},\"thumbnailUrl\":\"https:\/\/nitu.mx\/wp-content\/uploads\/2017\/06\/Casas-vacacionales-Playa-del-carmen.jpg\",\"keywords\":[\"directora de Fiscalizaci\u00f3n de Solidaridad\",\"Leslie Jennifer P\u00e9rez Ceballos\",\"Playa del Carmen\",\"rentas vacacionales\"],\"articleSection\":[\"Destinos\",\"Hoteles\"],\"inLanguage\":\"es-MX\",\"potentialAction\":[{\"@type\":\"CommentAction\",\"name\":\"Comment\",\"target\":[\"https:\/\/nitu.mx\/index.php\/2017\/06\/22\/fiscalizacion-a-la-caza-de-rentas-vacacionales-en-playa-del-carmen\/#respond\"]}]},{\"@type\":\"WebPage\",\"@id\":\"https:\/\/nitu.mx\/index.php\/2017\/06\/22\/fiscalizacion-a-la-caza-de-rentas-vacacionales-en-playa-del-carmen\/\",\"url\":\"https:\/\/nitu.mx\/index.php\/2017\/06\/22\/fiscalizacion-a-la-caza-de-rentas-vacacionales-en-playa-del-carmen\/\",\"name\":\"Fiscalizaci\u00f3n, a la \u2018caza\u2019 de rentas vacacionales en Playa del Carmen - Nitu - Noticias de la Industria Turistica\",\"isPartOf\":{\"@id\":\"https:\/\/nitu.mx\/#website\"},\"primaryImageOfPage\":{\"@id\":\"https:\/\/nitu.mx\/index.php\/2017\/06\/22\/fiscalizacion-a-la-caza-de-rentas-vacacionales-en-playa-del-carmen\/#primaryimage\"},\"image\":{\"@id\":\"https:\/\/nitu.mx\/index.php\/2017\/06\/22\/fiscalizacion-a-la-caza-de-rentas-vacacionales-en-playa-del-carmen\/#primaryimage\"},\"thumbnailUrl\":\"https:\/\/nitu.mx\/wp-content\/uploads\/2017\/06\/Casas-vacacionales-Playa-del-carmen.jpg\",\"datePublished\":\"2017-06-23T02:08:22+00:00\",\"dateModified\":\"2017-06-23T05:05:22+00:00\",\"description\":\"La directora de Fiscalizaci\u00f3n de Solidaridad hizo un llamado a las personas que tienen usan en rentas vacacionales a regularizarse.\",\"breadcrumb\":{\"@id\":\"https:\/\/nitu.mx\/index.php\/2017\/06\/22\/fiscalizacion-a-la-caza-de-rentas-vacacionales-en-playa-del-carmen\/#breadcrumb\"},\"inLanguage\":\"es-MX\",\"potentialAction\":[{\"@type\":\"ReadAction\",\"target\":[\"https:\/\/nitu.mx\/index.php\/2017\/06\/22\/fiscalizacion-a-la-caza-de-rentas-vacacionales-en-playa-del-carmen\/\"]}]},{\"@type\":\"ImageObject\",\"inLanguage\":\"es-MX\",\"@id\":\"https:\/\/nitu.mx\/index.php\/2017\/06\/22\/fiscalizacion-a-la-caza-de-rentas-vacacionales-en-playa-del-carmen\/#primaryimage\",\"url\":\"https:\/\/nitu.mx\/wp-content\/uploads\/2017\/06\/Casas-vacacionales-Playa-del-carmen.jpg\",\"contentUrl\":\"https:\/\/nitu.mx\/wp-content\/uploads\/2017\/06\/Casas-vacacionales-Playa-del-carmen.jpg\",\"width\":850,\"height\":480,\"caption\":\"rentas vacacionales acluvaq propiedad vacacional\"},{\"@type\":\"BreadcrumbList\",\"@id\":\"https:\/\/nitu.mx\/index.php\/2017\/06\/22\/fiscalizacion-a-la-caza-de-rentas-vacacionales-en-playa-del-carmen\/#breadcrumb\",\"itemListElement\":[{\"@type\":\"ListItem\",\"position\":1,\"name\":\"Inicio\",\"item\":\"https:\/\/nitu.mx\/\"},{\"@type\":\"ListItem\",\"position\":2,\"name\":\"Fiscalizaci\u00f3n, a la \u2018caza\u2019 de rentas vacacionales en Playa del Carmen\"}]},{\"@type\":\"WebSite\",\"@id\":\"https:\/\/nitu.mx\/#website\",\"url\":\"https:\/\/nitu.mx\/\",\"name\":\"Nitu - Noticias de la Industria Turistica\",\"description\":\"Noticias de la Industria Turistica\",\"publisher\":{\"@id\":\"https:\/\/nitu.mx\/#\/schema\/person\/ae7a53426417292d3dd07b45a33e01bc\"},\"alternateName\":\"Noticias de la Industria Turistica\",\"potentialAction\":[{\"@type\":\"SearchAction\",\"target\":{\"@type\":\"EntryPoint\",\"urlTemplate\":\"https:\/\/nitu.mx\/?s={search_term_string}\"},\"query-input\":\"required name=search_term_string\"}],\"inLanguage\":\"es-MX\"},{\"@type\":[\"Person\",\"Organization\"],\"@id\":\"https:\/\/nitu.mx\/#\/schema\/person\/ae7a53426417292d3dd07b45a33e01bc\",\"name\":\"Arturo Medina\",\"image\":{\"@type\":\"ImageObject\",\"inLanguage\":\"es-MX\",\"@id\":\"https:\/\/nitu.mx\/#\/schema\/person\/image\/\",\"url\":\"https:\/\/nitu.mx\/wp-content\/uploads\/2024\/04\/4A315622-1904-4D5C-B022-878CDC840E04-90x90-1.jpeg\",\"contentUrl\":\"https:\/\/nitu.mx\/wp-content\/uploads\/2024\/04\/4A315622-1904-4D5C-B022-878CDC840E04-90x90-1.jpeg\",\"width\":90,\"height\":90,\"caption\":\"Arturo Medina\"},\"logo\":{\"@id\":\"https:\/\/nitu.mx\/#\/schema\/person\/image\/\"},\"description\":\"Director NITU.mx, Egresado de la Escuela de Periodismo Carlos Septi\u00e9n Garc\u00eda. Periodista y analista especializado en turismo desde hace 35 a\u00f1os, radicado en Canc\u00fan Q.Roo. arturo@nitu.mx\",\"sameAs\":[\"https:\/\/nitu.mx\",\"https:\/\/www.facebook.com\/NITUmx\/\",\"medinacancun\",\"https:\/\/twitter.com\/@Arturo_Medina_G\"]},{\"@type\":\"Person\",\"@id\":\"https:\/\/nitu.mx\/#\/schema\/person\/4a28fe9bd65924f7c90623773daf1b0b\",\"name\":\"Redacci\u00f3n\",\"image\":{\"@type\":\"ImageObject\",\"inLanguage\":\"es-MX\",\"@id\":\"https:\/\/nitu.mx\/#\/schema\/person\/image\/\",\"url\":\"https:\/\/secure.gravatar.com\/avatar\/5dd011c8ccfc5cd7e4c81e42252aab38?s=96&d=mm&r=g\",\"contentUrl\":\"https:\/\/secure.gravatar.com\/avatar\/5dd011c8ccfc5cd7e4c81e42252aab38?s=96&d=mm&r=g\",\"caption\":\"Redacci\u00f3n\"},\"url\":\"https:\/\/nitu.mx\/index.php\/author\/redaccion\/\"}]}<\/script>\n<!-- \/ Yoast SEO plugin. -->","yoast_head_json":{"title":"Fiscalizaci\u00f3n, a la \u2018caza\u2019 de rentas vacacionales en Playa del Carmen - Nitu - Noticias de la Industria Turistica","description":"La directora de Fiscalizaci\u00f3n de Solidaridad hizo un llamado a las personas que tienen usan en rentas vacacionales a regularizarse.","robots":{"index":"index","follow":"follow","max-snippet":"max-snippet:-1","max-image-preview":"max-image-preview:large","max-video-preview":"max-video-preview:-1"},"canonical":"https:\/\/nitu.mx\/index.php\/2017\/06\/22\/fiscalizacion-a-la-caza-de-rentas-vacacionales-en-playa-del-carmen\/","twitter_card":"summary_large_image","twitter_title":"Fiscalizaci\u00f3n, a la \u2018caza\u2019 de rentas vacacionales en Playa del Carmen - Nitu - Noticias de la Industria Turistica","twitter_description":"La directora de Fiscalizaci\u00f3n de Solidaridad hizo un llamado a las personas que tienen usan en rentas vacacionales a regularizarse.","twitter_image":"https:\/\/nitu.mx\/wp-content\/uploads\/2017\/06\/Casas-vacacionales-Playa-del-carmen.jpg","twitter_creator":"@NITUmx","twitter_site":"@Arturo_Medina_G","twitter_misc":{"Escrito por":"Redacci\u00f3n","Tiempo de lectura":"2 minutos"},"schema":{"@context":"https:\/\/schema.org","@graph":[{"@type":"Article","@id":"https:\/\/nitu.mx\/index.php\/2017\/06\/22\/fiscalizacion-a-la-caza-de-rentas-vacacionales-en-playa-del-carmen\/#article","isPartOf":{"@id":"https:\/\/nitu.mx\/index.php\/2017\/06\/22\/fiscalizacion-a-la-caza-de-rentas-vacacionales-en-playa-del-carmen\/"},"author":{"name":"Redacci\u00f3n","@id":"https:\/\/nitu.mx\/#\/schema\/person\/4a28fe9bd65924f7c90623773daf1b0b"},"headline":"Fiscalizaci\u00f3n, a la \u2018caza\u2019 de rentas vacacionales en Playa del Carmen","datePublished":"2017-06-23T02:08:22+00:00","dateModified":"2017-06-23T05:05:22+00:00","mainEntityOfPage":{"@id":"https:\/\/nitu.mx\/index.php\/2017\/06\/22\/fiscalizacion-a-la-caza-de-rentas-vacacionales-en-playa-del-carmen\/"},"wordCount":359,"commentCount":0,"publisher":{"@id":"https:\/\/nitu.mx\/#\/schema\/person\/ae7a53426417292d3dd07b45a33e01bc"},"image":{"@id":"https:\/\/nitu.mx\/index.php\/2017\/06\/22\/fiscalizacion-a-la-caza-de-rentas-vacacionales-en-playa-del-carmen\/#primaryimage"},"thumbnailUrl":"https:\/\/nitu.mx\/wp-content\/uploads\/2017\/06\/Casas-vacacionales-Playa-del-carmen.jpg","keywords":["directora de Fiscalizaci\u00f3n de Solidaridad","Leslie Jennifer P\u00e9rez Ceballos","Playa del Carmen","rentas vacacionales"],"articleSection":["Destinos","Hoteles"],"inLanguage":"es-MX","potentialAction":[{"@type":"CommentAction","name":"Comment","target":["https:\/\/nitu.mx\/index.php\/2017\/06\/22\/fiscalizacion-a-la-caza-de-rentas-vacacionales-en-playa-del-carmen\/#respond"]}]},{"@type":"WebPage","@id":"https:\/\/nitu.mx\/index.php\/2017\/06\/22\/fiscalizacion-a-la-caza-de-rentas-vacacionales-en-playa-del-carmen\/","url":"https:\/\/nitu.mx\/index.php\/2017\/06\/22\/fiscalizacion-a-la-caza-de-rentas-vacacionales-en-playa-del-carmen\/","name":"Fiscalizaci\u00f3n, a la \u2018caza\u2019 de rentas vacacionales en Playa del Carmen - Nitu - Noticias de la Industria Turistica","isPartOf":{"@id":"https:\/\/nitu.mx\/#website"},"primaryImageOfPage":{"@id":"https:\/\/nitu.mx\/index.php\/2017\/06\/22\/fiscalizacion-a-la-caza-de-rentas-vacacionales-en-playa-del-carmen\/#primaryimage"},"image":{"@id":"https:\/\/nitu.mx\/index.php\/2017\/06\/22\/fiscalizacion-a-la-caza-de-rentas-vacacionales-en-playa-del-carmen\/#primaryimage"},"thumbnailUrl":"https:\/\/nitu.mx\/wp-content\/uploads\/2017\/06\/Casas-vacacionales-Playa-del-carmen.jpg","datePublished":"2017-06-23T02:08:22+00:00","dateModified":"2017-06-23T05:05:22+00:00","description":"La directora de Fiscalizaci\u00f3n de Solidaridad hizo un llamado a las personas que tienen usan en rentas vacacionales a regularizarse.","breadcrumb":{"@id":"https:\/\/nitu.mx\/index.php\/2017\/06\/22\/fiscalizacion-a-la-caza-de-rentas-vacacionales-en-playa-del-carmen\/#breadcrumb"},"inLanguage":"es-MX","potentialAction":[{"@type":"ReadAction","target":["https:\/\/nitu.mx\/index.php\/2017\/06\/22\/fiscalizacion-a-la-caza-de-rentas-vacacionales-en-playa-del-carmen\/"]}]},{"@type":"ImageObject","inLanguage":"es-MX","@id":"https:\/\/nitu.mx\/index.php\/2017\/06\/22\/fiscalizacion-a-la-caza-de-rentas-vacacionales-en-playa-del-carmen\/#primaryimage","url":"https:\/\/nitu.mx\/wp-content\/uploads\/2017\/06\/Casas-vacacionales-Playa-del-carmen.jpg","contentUrl":"https:\/\/nitu.mx\/wp-content\/uploads\/2017\/06\/Casas-vacacionales-Playa-del-carmen.jpg","width":850,"height":480,"caption":"rentas vacacionales acluvaq propiedad vacacional"},{"@type":"BreadcrumbList","@id":"https:\/\/nitu.mx\/index.php\/2017\/06\/22\/fiscalizacion-a-la-caza-de-rentas-vacacionales-en-playa-del-carmen\/#breadcrumb","itemListElement":[{"@type":"ListItem","position":1,"name":"Inicio","item":"https:\/\/nitu.mx\/"},{"@type":"ListItem","position":2,"name":"Fiscalizaci\u00f3n, a la \u2018caza\u2019 de rentas vacacionales en Playa del Carmen"}]},{"@type":"WebSite","@id":"https:\/\/nitu.mx\/#website","url":"https:\/\/nitu.mx\/","name":"Nitu - Noticias de la Industria Turistica","description":"Noticias de la Industria Turistica","publisher":{"@id":"https:\/\/nitu.mx\/#\/schema\/person\/ae7a53426417292d3dd07b45a33e01bc"},"alternateName":"Noticias de la Industria Turistica","potentialAction":[{"@type":"SearchAction","target":{"@type":"EntryPoint","urlTemplate":"https:\/\/nitu.mx\/?s={search_term_string}"},"query-input":"required name=search_term_string"}],"inLanguage":"es-MX"},{"@type":["Person","Organization"],"@id":"https:\/\/nitu.mx\/#\/schema\/person\/ae7a53426417292d3dd07b45a33e01bc","name":"Arturo Medina","image":{"@type":"ImageObject","inLanguage":"es-MX","@id":"https:\/\/nitu.mx\/#\/schema\/person\/image\/","url":"https:\/\/nitu.mx\/wp-content\/uploads\/2024\/04\/4A315622-1904-4D5C-B022-878CDC840E04-90x90-1.jpeg","contentUrl":"https:\/\/nitu.mx\/wp-content\/uploads\/2024\/04\/4A315622-1904-4D5C-B022-878CDC840E04-90x90-1.jpeg","width":90,"height":90,"caption":"Arturo Medina"},"logo":{"@id":"https:\/\/nitu.mx\/#\/schema\/person\/image\/"},"description":"Director NITU.mx, Egresado de la Escuela de Periodismo Carlos Septi\u00e9n Garc\u00eda. Periodista y analista especializado en turismo desde hace 35 a\u00f1os, radicado en Canc\u00fan Q.Roo. arturo@nitu.mx","sameAs":["https:\/\/nitu.mx","https:\/\/www.facebook.com\/NITUmx\/","medinacancun","https:\/\/twitter.com\/@Arturo_Medina_G"]},{"@type":"Person","@id":"https:\/\/nitu.mx\/#\/schema\/person\/4a28fe9bd65924f7c90623773daf1b0b","name":"Redacci\u00f3n","image":{"@type":"ImageObject","inLanguage":"es-MX","@id":"https:\/\/nitu.mx\/#\/schema\/person\/image\/","url":"https:\/\/secure.gravatar.com\/avatar\/5dd011c8ccfc5cd7e4c81e42252aab38?s=96&d=mm&r=g","contentUrl":"https:\/\/secure.gravatar.com\/avatar\/5dd011c8ccfc5cd7e4c81e42252aab38?s=96&d=mm&r=g","caption":"Redacci\u00f3n"},"url":"https:\/\/nitu.mx\/index.php\/author\/redaccion\/"}]}},"views":216,"_links":{"self":[{"href":"https:\/\/nitu.mx\/index.php\/wp-json\/wp\/v2\/posts\/10809"}],"collection":[{"href":"https:\/\/nitu.mx\/index.php\/wp-json\/wp\/v2\/posts"}],"about":[{"href":"https:\/\/nitu.mx\/index.php\/wp-json\/wp\/v2\/types\/post"}],"author":[{"embeddable":true,"href":"https:\/\/nitu.mx\/index.php\/wp-json\/wp\/v2\/users\/17"}],"replies":[{"embeddable":true,"href":"https:\/\/nitu.mx\/index.php\/wp-json\/wp\/v2\/comments?post=10809"}],"version-history":[{"count":3,"href":"https:\/\/nitu.mx\/index.php\/wp-json\/wp\/v2\/posts\/10809\/revisions"}],"predecessor-version":[{"id":10821,"href":"https:\/\/nitu.mx\/index.php\/wp-json\/wp\/v2\/posts\/10809\/revisions\/10821"}],"wp:featuredmedia":[{"embeddable":true,"href":"https:\/\/nitu.mx\/index.php\/wp-json\/wp\/v2\/media\/10820"}],"wp:attachment":[{"href":"https:\/\/nitu.mx\/index.php\/wp-json\/wp\/v2\/media?parent=10809"}],"wp:term":[{"taxonomy":"category","embeddable":true,"href":"https:\/\/nitu.mx\/index.php\/wp-json\/wp\/v2\/categories?post=10809"},{"taxonomy":"post_tag","embeddable":true,"href":"https:\/\/nitu.mx\/index.php\/wp-json\/wp\/v2\/tags?post=10809"}],"curies":[{"name":"wp","href":"https:\/\/api.w.org\/{rel}","templated":true}]}}