{"id":10509,"date":"2017-06-13T23:58:04","date_gmt":"2017-06-14T04:58:04","guid":{"rendered":"http:\/\/www.dev.nitu.mx\/?p=10509"},"modified":"2017-06-14T01:19:33","modified_gmt":"2017-06-14T06:19:33","slug":"aeromar-planta-cara-a-mayair-va-por-su-mercado-la-ruta-mundo-maya","status":"publish","type":"post","link":"https:\/\/nitu.mx\/index.php\/2017\/06\/13\/aeromar-planta-cara-a-mayair-va-por-su-mercado-la-ruta-mundo-maya\/","title":{"rendered":"Aeromar planta cara a MAYAir, va por su mercado: la Ruta Mundo Maya"},"content":{"rendered":"<p>Tras implementar varias estrategias para atraer tanto a turistas nacionales, como hombres de negocios y turismo europeo, la aerol\u00ednea regional Aeromar, iniciar\u00e1 la ruta Mundo Maya, posicion\u00e1ndose as\u00ed como la competencia directa de la regional cancunense MAYAir.<\/p>\n<p>Aeromar comienza con dos nuevas frecuencias a\u00e9reas diarias Canc\u00fan- M\u00e9rida a partir del pr\u00f3ximo 27 de junio.<br \/>\nComo se sabe MAYAir, de Lolita L\u00f3pez Lira y Jos\u00e9 Luis Mart\u00ednez, ya tiene vuelos entre Canc\u00fan-Chetumal, Cozumel-Canc\u00fan, Canc\u00fan-M\u00e9rida, M\u00e9rida-Villahermosa y Villahermosa-Veracruz, vuelos que se hacen con aviones de 18 plazas. Pero apostando por una mayor conectividad, la empresa adquiri\u00f3 dos aviones Fokker 50 de 60 plazas, con cabinas presurizadas. (<a title=\"MAYAir estrena ruta Canc\u00fan-Chetumal\" href=\"http:\/\/www.dev.nitu.mx\/index.php\/2016\/12\/08\/mayair-estrena-ruta-y-avion-fokker-50\/\" rel=\"bookmark\">MAYAir estrena ruta Canc\u00fan-Chetumal<\/a>).<\/p>\n<p>Por su parte Ren\u00e9 Giesemann, Director Comercial de Aeromar, refiri\u00f3 que son tres las estrategias que permitir\u00e1n que en esta ocasi\u00f3n el proyecto de la ruta Mundo Maya si funcione: \u201c1. Pase Ejecutivo Aeromar, beneficia a empresarios que viajan por negocios, con condiciones preferenciales; 2. Aromayan Pass, cuponera de 5, 10 \u00f3 15 segmentos, especial para los turistas. 3. Programa Residente, precio especial la tarifa m\u00e1s baja para locales\u201d.<\/p>\n<p>El turismo extranjero, es pieza clave para el \u00e9xito del programa, ya que con el apoyo del Consejo de Promoci\u00f3n Tur\u00edstica de M\u00e9xico (CPTM), los ejecutivos de la empresa, hicieron a principios de este mes una gira por: Austria, Alemania, Rep\u00fablica Checa y Francia, en donde capacitaron e informaron respecto a las rutas.<\/p>\n<p>La estrategia es que los pasajeros desde su origen puedan conectar con alg\u00fan sitio del Mundo Maya, para el mercado europeo consiste en segmentar las rutas para que los turistas viajen de acuerdo a sus necesidades y pernocten en algunos de los destinos donde existe conexi\u00f3n.<\/p>\n<p>Asimismo, apuntan a la conectividad internacional, ya que Aeromar tiene c\u00f3digo compartido con United Airlines, as\u00ed quien viaje desde Oaxaca, Tuxtla, Villahermosa y M\u00e9rida y conecte con Canc\u00fan tiene la conexi\u00f3n directa a los 30 vuelos diarios de United. Para otorgar sus servicios la aerol\u00ednea mexicana\u00a0cuenta con aviones de nueva generaci\u00f3n ATR42 de 48 y ATR72 plazas construidos en Tolouse, Francia. Dicha conectividad se da gracias al fortalecimiento que le ha dado su sociedad con la aerol\u00ednea estadounidense. (<a title=\"Aeromar incrementa 100 por ciento sus destinos por alianza con United\" href=\"http:\/\/www.dev.nitu.mx\/index.php\/2016\/11\/03\/aeromar-incrementa-100-ciento-destinos-alianza-united\/\" rel=\"bookmark\">Aeromar incrementa 100 por ciento sus destinos por alianza con United<\/a>).<\/p>\n<p>A sus itinerarios esperan integrar en septiembre u octubre la ruta Canc\u00fan-Chetumal, para detonar los destinos arqueol\u00f3gicos del sureste del estado. Finalmente con estas nuevas ofertas a\u00e9reas se suman m\u00e1s asientos a los existentes para unir m\u00e1s al Mundo Maya.<\/p>\n","protected":false},"excerpt":{"rendered":"<p>Tras implementar varias estrategias para atraer tanto a turistas nacionales, como hombres de negocios y turismo europeo, la aerol\u00ednea regional Aeromar, iniciar\u00e1 la ruta Mundo Maya, posicion\u00e1ndose as\u00ed como la competencia directa de la regional cancunense MAYAir. Aeromar comienza con dos nuevas frecuencias a\u00e9reas diarias Canc\u00fan- M\u00e9rida a partir del pr\u00f3ximo 27 de junio. Como [&hellip;]<\/p>\n","protected":false},"author":3,"featured_media":10272,"comment_status":"open","ping_status":"open","sticky":false,"template":"","format":"standard","meta":{"footnotes":""},"categories":[29,5],"tags":[473,3722,4685,4684,1200,51,1024,4686,72,4682,254],"yoast_head":"<!-- This site is optimized with the Yoast SEO plugin v22.2 - https:\/\/yoast.com\/wordpress\/plugins\/seo\/ -->\n<title>Aeromar planta cara a MAYAir, va por su mercado: la Ruta Mundo Maya - Nitu - Noticias de la Industria Turistica<\/title>\n<meta name=\"description\" content=\"Aeromar ampl\u00eda su red de destinos para conectar con el mundo maya, pues desde el 27 de junio la aerol\u00ednea mexicana incorpora a Canc\u00fan como nuevo destino.\" \/>\n<meta name=\"robots\" content=\"index, follow, max-snippet:-1, max-image-preview:large, max-video-preview:-1\" \/>\n<link rel=\"canonical\" href=\"https:\/\/nitu.mx\/index.php\/2017\/06\/13\/aeromar-planta-cara-a-mayair-va-por-su-mercado-la-ruta-mundo-maya\/\" \/>\n<meta name=\"twitter:card\" content=\"summary_large_image\" \/>\n<meta name=\"twitter:title\" content=\"Aeromar planta cara a MAYAir, va por su mercado: la Ruta Mundo Maya - Nitu - Noticias de la Industria Turistica\" \/>\n<meta name=\"twitter:description\" content=\"Aeromar ampl\u00eda su red de destinos para conectar con el mundo maya, pues desde el 27 de junio la aerol\u00ednea mexicana incorpora a Canc\u00fan como nuevo destino.\" \/>\n<meta name=\"twitter:image\" content=\"https:\/\/nitu.mx\/wp-content\/uploads\/2017\/06\/Aeromar-pista.jpg\" \/>\n<meta name=\"twitter:creator\" content=\"@NITUmx\" \/>\n<meta name=\"twitter:site\" content=\"@Arturo_Medina_G\" \/>\n<meta name=\"twitter:label1\" content=\"Escrito por\" \/>\n\t<meta name=\"twitter:data1\" content=\"Alejandra Moncisbays\" \/>\n\t<meta name=\"twitter:label2\" content=\"Tiempo de lectura\" \/>\n\t<meta name=\"twitter:data2\" content=\"2 minutos\" \/>\n<script type=\"application\/ld+json\" class=\"yoast-schema-graph\">{\"@context\":\"https:\/\/schema.org\",\"@graph\":[{\"@type\":\"Article\",\"@id\":\"https:\/\/nitu.mx\/index.php\/2017\/06\/13\/aeromar-planta-cara-a-mayair-va-por-su-mercado-la-ruta-mundo-maya\/#article\",\"isPartOf\":{\"@id\":\"https:\/\/nitu.mx\/index.php\/2017\/06\/13\/aeromar-planta-cara-a-mayair-va-por-su-mercado-la-ruta-mundo-maya\/\"},\"author\":{\"name\":\"Alejandra Moncisbays\",\"@id\":\"https:\/\/nitu.mx\/#\/schema\/person\/2ecd887b19dfd3382d1f14fc5acf24a8\"},\"headline\":\"Aeromar planta cara a MAYAir, va por su mercado: la Ruta Mundo Maya\",\"datePublished\":\"2017-06-14T04:58:04+00:00\",\"dateModified\":\"2017-06-14T06:19:33+00:00\",\"mainEntityOfPage\":{\"@id\":\"https:\/\/nitu.mx\/index.php\/2017\/06\/13\/aeromar-planta-cara-a-mayair-va-por-su-mercado-la-ruta-mundo-maya\/\"},\"wordCount\":440,\"commentCount\":0,\"publisher\":{\"@id\":\"https:\/\/nitu.mx\/#\/schema\/person\/ae7a53426417292d3dd07b45a33e01bc\"},\"image\":{\"@id\":\"https:\/\/nitu.mx\/index.php\/2017\/06\/13\/aeromar-planta-cara-a-mayair-va-por-su-mercado-la-ruta-mundo-maya\/#primaryimage\"},\"thumbnailUrl\":\"https:\/\/nitu.mx\/wp-content\/uploads\/2017\/06\/Aeromar-pista.jpg\",\"keywords\":[\"Aeromar\",\"Canc\u00fan-Chetumal\",\"Canc\u00fan-M\u00e9rida\",\"Cozumel-Canc\u00fan\",\"Jos\u00e9 Luis Mart\u00ednez\",\"Lolita L\u00f3pez Lira\",\"Marisol Vanegas\",\"M\u00e9rida-Villahermosa\",\"Mundo Maya\",\"Ren\u00e9 Giesemann\",\"Secretar\u00eda de Turismo\"],\"articleSection\":[\"Aerol\u00edneas\",\"Destinos\"],\"inLanguage\":\"es-MX\",\"potentialAction\":[{\"@type\":\"CommentAction\",\"name\":\"Comment\",\"target\":[\"https:\/\/nitu.mx\/index.php\/2017\/06\/13\/aeromar-planta-cara-a-mayair-va-por-su-mercado-la-ruta-mundo-maya\/#respond\"]}]},{\"@type\":\"WebPage\",\"@id\":\"https:\/\/nitu.mx\/index.php\/2017\/06\/13\/aeromar-planta-cara-a-mayair-va-por-su-mercado-la-ruta-mundo-maya\/\",\"url\":\"https:\/\/nitu.mx\/index.php\/2017\/06\/13\/aeromar-planta-cara-a-mayair-va-por-su-mercado-la-ruta-mundo-maya\/\",\"name\":\"Aeromar planta cara a MAYAir, va por su mercado: la Ruta Mundo Maya - Nitu - Noticias de la Industria Turistica\",\"isPartOf\":{\"@id\":\"https:\/\/nitu.mx\/#website\"},\"primaryImageOfPage\":{\"@id\":\"https:\/\/nitu.mx\/index.php\/2017\/06\/13\/aeromar-planta-cara-a-mayair-va-por-su-mercado-la-ruta-mundo-maya\/#primaryimage\"},\"image\":{\"@id\":\"https:\/\/nitu.mx\/index.php\/2017\/06\/13\/aeromar-planta-cara-a-mayair-va-por-su-mercado-la-ruta-mundo-maya\/#primaryimage\"},\"thumbnailUrl\":\"https:\/\/nitu.mx\/wp-content\/uploads\/2017\/06\/Aeromar-pista.jpg\",\"datePublished\":\"2017-06-14T04:58:04+00:00\",\"dateModified\":\"2017-06-14T06:19:33+00:00\",\"description\":\"Aeromar ampl\u00eda su red de destinos para conectar con el mundo maya, pues desde el 27 de junio la aerol\u00ednea mexicana incorpora a Canc\u00fan como nuevo destino.\",\"breadcrumb\":{\"@id\":\"https:\/\/nitu.mx\/index.php\/2017\/06\/13\/aeromar-planta-cara-a-mayair-va-por-su-mercado-la-ruta-mundo-maya\/#breadcrumb\"},\"inLanguage\":\"es-MX\",\"potentialAction\":[{\"@type\":\"ReadAction\",\"target\":[\"https:\/\/nitu.mx\/index.php\/2017\/06\/13\/aeromar-planta-cara-a-mayair-va-por-su-mercado-la-ruta-mundo-maya\/\"]}]},{\"@type\":\"ImageObject\",\"inLanguage\":\"es-MX\",\"@id\":\"https:\/\/nitu.mx\/index.php\/2017\/06\/13\/aeromar-planta-cara-a-mayair-va-por-su-mercado-la-ruta-mundo-maya\/#primaryimage\",\"url\":\"https:\/\/nitu.mx\/wp-content\/uploads\/2017\/06\/Aeromar-pista.jpg\",\"contentUrl\":\"https:\/\/nitu.mx\/wp-content\/uploads\/2017\/06\/Aeromar-pista.jpg\",\"width\":850,\"height\":480,\"caption\":\"Aeromar\"},{\"@type\":\"BreadcrumbList\",\"@id\":\"https:\/\/nitu.mx\/index.php\/2017\/06\/13\/aeromar-planta-cara-a-mayair-va-por-su-mercado-la-ruta-mundo-maya\/#breadcrumb\",\"itemListElement\":[{\"@type\":\"ListItem\",\"position\":1,\"name\":\"Inicio\",\"item\":\"https:\/\/nitu.mx\/\"},{\"@type\":\"ListItem\",\"position\":2,\"name\":\"Aeromar planta cara a MAYAir, va por su mercado: la Ruta Mundo Maya\"}]},{\"@type\":\"WebSite\",\"@id\":\"https:\/\/nitu.mx\/#website\",\"url\":\"https:\/\/nitu.mx\/\",\"name\":\"Nitu - Noticias de la Industria Turistica\",\"description\":\"Noticias de la Industria Turistica\",\"publisher\":{\"@id\":\"https:\/\/nitu.mx\/#\/schema\/person\/ae7a53426417292d3dd07b45a33e01bc\"},\"alternateName\":\"Noticias de la Industria Turistica\",\"potentialAction\":[{\"@type\":\"SearchAction\",\"target\":{\"@type\":\"EntryPoint\",\"urlTemplate\":\"https:\/\/nitu.mx\/?s={search_term_string}\"},\"query-input\":\"required name=search_term_string\"}],\"inLanguage\":\"es-MX\"},{\"@type\":[\"Person\",\"Organization\"],\"@id\":\"https:\/\/nitu.mx\/#\/schema\/person\/ae7a53426417292d3dd07b45a33e01bc\",\"name\":\"Arturo Medina\",\"image\":{\"@type\":\"ImageObject\",\"inLanguage\":\"es-MX\",\"@id\":\"https:\/\/nitu.mx\/#\/schema\/person\/image\/\",\"url\":\"https:\/\/nitu.mx\/wp-content\/uploads\/2024\/04\/4A315622-1904-4D5C-B022-878CDC840E04-90x90-1.jpeg\",\"contentUrl\":\"https:\/\/nitu.mx\/wp-content\/uploads\/2024\/04\/4A315622-1904-4D5C-B022-878CDC840E04-90x90-1.jpeg\",\"width\":90,\"height\":90,\"caption\":\"Arturo Medina\"},\"logo\":{\"@id\":\"https:\/\/nitu.mx\/#\/schema\/person\/image\/\"},\"description\":\"Director NITU.mx, Egresado de la Escuela de Periodismo Carlos Septi\u00e9n Garc\u00eda. Periodista y analista especializado en turismo desde hace 35 a\u00f1os, radicado en Canc\u00fan Q.Roo. arturo@nitu.mx\",\"sameAs\":[\"https:\/\/nitu.mx\",\"https:\/\/www.facebook.com\/NITUmx\/\",\"medinacancun\",\"https:\/\/twitter.com\/@Arturo_Medina_G\"]},{\"@type\":\"Person\",\"@id\":\"https:\/\/nitu.mx\/#\/schema\/person\/2ecd887b19dfd3382d1f14fc5acf24a8\",\"name\":\"Alejandra Moncisbays\",\"image\":{\"@type\":\"ImageObject\",\"inLanguage\":\"es-MX\",\"@id\":\"https:\/\/nitu.mx\/#\/schema\/person\/image\/\",\"url\":\"https:\/\/secure.gravatar.com\/avatar\/e74f7af0be172b7804dacfd0bfbef787?s=96&d=mm&r=g\",\"contentUrl\":\"https:\/\/secure.gravatar.com\/avatar\/e74f7af0be172b7804dacfd0bfbef787?s=96&d=mm&r=g\",\"caption\":\"Alejandra Moncisbays\"},\"description\":\"Curs\u00e9 la carrera de Periodismo y Comunicaci\u00f3n en la Facultad de Estudios Profesionales Acatl\u00e1n. Vivo en Canc\u00fan desde hace 24 a\u00f1os. Fui reportera de La Tarde de Canc\u00fan, y Novedades de Quintana Roo, colabor\u00e9 en TVCUN, edit\u00e9 Cancun\u00edssimo y colabor\u00e9 en las revistas Latitud21, entre otras, con principal enfoque en los sectores empresarial y tur\u00edstico. Desde hace varios a\u00f1os soy Agente de Seguros con c\u00e9dula de la Comisi\u00f3n Nacional de Seguros y Fianzas. Actualmente, me desarrollo en los \u00e1mbitos del periodismo y el sector asegurador.\",\"sameAs\":[\"https:\/\/nitu.mx\"],\"url\":\"https:\/\/nitu.mx\/index.php\/author\/alejandra\/\"}]}<\/script>\n<!-- \/ Yoast SEO plugin. -->","yoast_head_json":{"title":"Aeromar planta cara a MAYAir, va por su mercado: la Ruta Mundo Maya - Nitu - Noticias de la Industria Turistica","description":"Aeromar ampl\u00eda su red de destinos para conectar con el mundo maya, pues desde el 27 de junio la aerol\u00ednea mexicana incorpora a Canc\u00fan como nuevo destino.","robots":{"index":"index","follow":"follow","max-snippet":"max-snippet:-1","max-image-preview":"max-image-preview:large","max-video-preview":"max-video-preview:-1"},"canonical":"https:\/\/nitu.mx\/index.php\/2017\/06\/13\/aeromar-planta-cara-a-mayair-va-por-su-mercado-la-ruta-mundo-maya\/","twitter_card":"summary_large_image","twitter_title":"Aeromar planta cara a MAYAir, va por su mercado: la Ruta Mundo Maya - Nitu - Noticias de la Industria Turistica","twitter_description":"Aeromar ampl\u00eda su red de destinos para conectar con el mundo maya, pues desde el 27 de junio la aerol\u00ednea mexicana incorpora a Canc\u00fan como nuevo destino.","twitter_image":"https:\/\/nitu.mx\/wp-content\/uploads\/2017\/06\/Aeromar-pista.jpg","twitter_creator":"@NITUmx","twitter_site":"@Arturo_Medina_G","twitter_misc":{"Escrito por":"Alejandra Moncisbays","Tiempo de lectura":"2 minutos"},"schema":{"@context":"https:\/\/schema.org","@graph":[{"@type":"Article","@id":"https:\/\/nitu.mx\/index.php\/2017\/06\/13\/aeromar-planta-cara-a-mayair-va-por-su-mercado-la-ruta-mundo-maya\/#article","isPartOf":{"@id":"https:\/\/nitu.mx\/index.php\/2017\/06\/13\/aeromar-planta-cara-a-mayair-va-por-su-mercado-la-ruta-mundo-maya\/"},"author":{"name":"Alejandra Moncisbays","@id":"https:\/\/nitu.mx\/#\/schema\/person\/2ecd887b19dfd3382d1f14fc5acf24a8"},"headline":"Aeromar planta cara a MAYAir, va por su mercado: la Ruta Mundo Maya","datePublished":"2017-06-14T04:58:04+00:00","dateModified":"2017-06-14T06:19:33+00:00","mainEntityOfPage":{"@id":"https:\/\/nitu.mx\/index.php\/2017\/06\/13\/aeromar-planta-cara-a-mayair-va-por-su-mercado-la-ruta-mundo-maya\/"},"wordCount":440,"commentCount":0,"publisher":{"@id":"https:\/\/nitu.mx\/#\/schema\/person\/ae7a53426417292d3dd07b45a33e01bc"},"image":{"@id":"https:\/\/nitu.mx\/index.php\/2017\/06\/13\/aeromar-planta-cara-a-mayair-va-por-su-mercado-la-ruta-mundo-maya\/#primaryimage"},"thumbnailUrl":"https:\/\/nitu.mx\/wp-content\/uploads\/2017\/06\/Aeromar-pista.jpg","keywords":["Aeromar","Canc\u00fan-Chetumal","Canc\u00fan-M\u00e9rida","Cozumel-Canc\u00fan","Jos\u00e9 Luis Mart\u00ednez","Lolita L\u00f3pez Lira","Marisol Vanegas","M\u00e9rida-Villahermosa","Mundo Maya","Ren\u00e9 Giesemann","Secretar\u00eda de Turismo"],"articleSection":["Aerol\u00edneas","Destinos"],"inLanguage":"es-MX","potentialAction":[{"@type":"CommentAction","name":"Comment","target":["https:\/\/nitu.mx\/index.php\/2017\/06\/13\/aeromar-planta-cara-a-mayair-va-por-su-mercado-la-ruta-mundo-maya\/#respond"]}]},{"@type":"WebPage","@id":"https:\/\/nitu.mx\/index.php\/2017\/06\/13\/aeromar-planta-cara-a-mayair-va-por-su-mercado-la-ruta-mundo-maya\/","url":"https:\/\/nitu.mx\/index.php\/2017\/06\/13\/aeromar-planta-cara-a-mayair-va-por-su-mercado-la-ruta-mundo-maya\/","name":"Aeromar planta cara a MAYAir, va por su mercado: la Ruta Mundo Maya - Nitu - Noticias de la Industria Turistica","isPartOf":{"@id":"https:\/\/nitu.mx\/#website"},"primaryImageOfPage":{"@id":"https:\/\/nitu.mx\/index.php\/2017\/06\/13\/aeromar-planta-cara-a-mayair-va-por-su-mercado-la-ruta-mundo-maya\/#primaryimage"},"image":{"@id":"https:\/\/nitu.mx\/index.php\/2017\/06\/13\/aeromar-planta-cara-a-mayair-va-por-su-mercado-la-ruta-mundo-maya\/#primaryimage"},"thumbnailUrl":"https:\/\/nitu.mx\/wp-content\/uploads\/2017\/06\/Aeromar-pista.jpg","datePublished":"2017-06-14T04:58:04+00:00","dateModified":"2017-06-14T06:19:33+00:00","description":"Aeromar ampl\u00eda su red de destinos para conectar con el mundo maya, pues desde el 27 de junio la aerol\u00ednea mexicana incorpora a Canc\u00fan como nuevo destino.","breadcrumb":{"@id":"https:\/\/nitu.mx\/index.php\/2017\/06\/13\/aeromar-planta-cara-a-mayair-va-por-su-mercado-la-ruta-mundo-maya\/#breadcrumb"},"inLanguage":"es-MX","potentialAction":[{"@type":"ReadAction","target":["https:\/\/nitu.mx\/index.php\/2017\/06\/13\/aeromar-planta-cara-a-mayair-va-por-su-mercado-la-ruta-mundo-maya\/"]}]},{"@type":"ImageObject","inLanguage":"es-MX","@id":"https:\/\/nitu.mx\/index.php\/2017\/06\/13\/aeromar-planta-cara-a-mayair-va-por-su-mercado-la-ruta-mundo-maya\/#primaryimage","url":"https:\/\/nitu.mx\/wp-content\/uploads\/2017\/06\/Aeromar-pista.jpg","contentUrl":"https:\/\/nitu.mx\/wp-content\/uploads\/2017\/06\/Aeromar-pista.jpg","width":850,"height":480,"caption":"Aeromar"},{"@type":"BreadcrumbList","@id":"https:\/\/nitu.mx\/index.php\/2017\/06\/13\/aeromar-planta-cara-a-mayair-va-por-su-mercado-la-ruta-mundo-maya\/#breadcrumb","itemListElement":[{"@type":"ListItem","position":1,"name":"Inicio","item":"https:\/\/nitu.mx\/"},{"@type":"ListItem","position":2,"name":"Aeromar planta cara a MAYAir, va por su mercado: la Ruta Mundo Maya"}]},{"@type":"WebSite","@id":"https:\/\/nitu.mx\/#website","url":"https:\/\/nitu.mx\/","name":"Nitu - Noticias de la Industria Turistica","description":"Noticias de la Industria Turistica","publisher":{"@id":"https:\/\/nitu.mx\/#\/schema\/person\/ae7a53426417292d3dd07b45a33e01bc"},"alternateName":"Noticias de la Industria Turistica","potentialAction":[{"@type":"SearchAction","target":{"@type":"EntryPoint","urlTemplate":"https:\/\/nitu.mx\/?s={search_term_string}"},"query-input":"required name=search_term_string"}],"inLanguage":"es-MX"},{"@type":["Person","Organization"],"@id":"https:\/\/nitu.mx\/#\/schema\/person\/ae7a53426417292d3dd07b45a33e01bc","name":"Arturo Medina","image":{"@type":"ImageObject","inLanguage":"es-MX","@id":"https:\/\/nitu.mx\/#\/schema\/person\/image\/","url":"https:\/\/nitu.mx\/wp-content\/uploads\/2024\/04\/4A315622-1904-4D5C-B022-878CDC840E04-90x90-1.jpeg","contentUrl":"https:\/\/nitu.mx\/wp-content\/uploads\/2024\/04\/4A315622-1904-4D5C-B022-878CDC840E04-90x90-1.jpeg","width":90,"height":90,"caption":"Arturo Medina"},"logo":{"@id":"https:\/\/nitu.mx\/#\/schema\/person\/image\/"},"description":"Director NITU.mx, Egresado de la Escuela de Periodismo Carlos Septi\u00e9n Garc\u00eda. Periodista y analista especializado en turismo desde hace 35 a\u00f1os, radicado en Canc\u00fan Q.Roo. arturo@nitu.mx","sameAs":["https:\/\/nitu.mx","https:\/\/www.facebook.com\/NITUmx\/","medinacancun","https:\/\/twitter.com\/@Arturo_Medina_G"]},{"@type":"Person","@id":"https:\/\/nitu.mx\/#\/schema\/person\/2ecd887b19dfd3382d1f14fc5acf24a8","name":"Alejandra Moncisbays","image":{"@type":"ImageObject","inLanguage":"es-MX","@id":"https:\/\/nitu.mx\/#\/schema\/person\/image\/","url":"https:\/\/secure.gravatar.com\/avatar\/e74f7af0be172b7804dacfd0bfbef787?s=96&d=mm&r=g","contentUrl":"https:\/\/secure.gravatar.com\/avatar\/e74f7af0be172b7804dacfd0bfbef787?s=96&d=mm&r=g","caption":"Alejandra Moncisbays"},"description":"Curs\u00e9 la carrera de Periodismo y Comunicaci\u00f3n en la Facultad de Estudios Profesionales Acatl\u00e1n. Vivo en Canc\u00fan desde hace 24 a\u00f1os. Fui reportera de La Tarde de Canc\u00fan, y Novedades de Quintana Roo, colabor\u00e9 en TVCUN, edit\u00e9 Cancun\u00edssimo y colabor\u00e9 en las revistas Latitud21, entre otras, con principal enfoque en los sectores empresarial y tur\u00edstico. Desde hace varios a\u00f1os soy Agente de Seguros con c\u00e9dula de la Comisi\u00f3n Nacional de Seguros y Fianzas. Actualmente, me desarrollo en los \u00e1mbitos del periodismo y el sector asegurador.","sameAs":["https:\/\/nitu.mx"],"url":"https:\/\/nitu.mx\/index.php\/author\/alejandra\/"}]}},"views":324,"_links":{"self":[{"href":"https:\/\/nitu.mx\/index.php\/wp-json\/wp\/v2\/posts\/10509"}],"collection":[{"href":"https:\/\/nitu.mx\/index.php\/wp-json\/wp\/v2\/posts"}],"about":[{"href":"https:\/\/nitu.mx\/index.php\/wp-json\/wp\/v2\/types\/post"}],"author":[{"embeddable":true,"href":"https:\/\/nitu.mx\/index.php\/wp-json\/wp\/v2\/users\/3"}],"replies":[{"embeddable":true,"href":"https:\/\/nitu.mx\/index.php\/wp-json\/wp\/v2\/comments?post=10509"}],"version-history":[{"count":3,"href":"https:\/\/nitu.mx\/index.php\/wp-json\/wp\/v2\/posts\/10509\/revisions"}],"predecessor-version":[{"id":10518,"href":"https:\/\/nitu.mx\/index.php\/wp-json\/wp\/v2\/posts\/10509\/revisions\/10518"}],"wp:featuredmedia":[{"embeddable":true,"href":"https:\/\/nitu.mx\/index.php\/wp-json\/wp\/v2\/media\/10272"}],"wp:attachment":[{"href":"https:\/\/nitu.mx\/index.php\/wp-json\/wp\/v2\/media?parent=10509"}],"wp:term":[{"taxonomy":"category","embeddable":true,"href":"https:\/\/nitu.mx\/index.php\/wp-json\/wp\/v2\/categories?post=10509"},{"taxonomy":"post_tag","embeddable":true,"href":"https:\/\/nitu.mx\/index.php\/wp-json\/wp\/v2\/tags?post=10509"}],"curies":[{"name":"wp","href":"https:\/\/api.w.org\/{rel}","templated":true}]}}