{"id":10399,"date":"2017-06-11T22:02:26","date_gmt":"2017-06-12T03:02:26","guid":{"rendered":"http:\/\/www.dev.nitu.mx\/?p=10399"},"modified":"2017-06-11T23:30:35","modified_gmt":"2017-06-12T04:30:35","slug":"hainan-airlines-regresa-a-cielos-mexicanos","status":"publish","type":"post","link":"https:\/\/nitu.mx\/index.php\/2017\/06\/11\/hainan-airlines-regresa-a-cielos-mexicanos\/","title":{"rendered":"Hainan Airlines regresa a cielos mexicanos"},"content":{"rendered":"<p>En octubre ser\u00e1n reanudados los vuelos hacia Beijing, China, desde el Aeropuerto Internacional de Tijuana, Baja California, con Hainan Airlines, inform\u00f3 el director del Grupo Aeroportuario del Pac\u00edfico (GAP), Fernando Bosque.<\/p>\n<p>&#8220;Ya aplic\u00f3 y cubri\u00f3 todos los requerimientos t\u00e9cnicos y las fechas est\u00e1n para octubre para volar con tres frecuencias. Hay alg\u00fan detalle que falta, pero se han hecho las visitas en las instalaciones del aeropuerto, se han contactado con autoridades migratorias, de aduana, de servicios complementarios, la documentaci\u00f3n de la DGAC, en teor\u00eda est\u00e1 todo en marcha&#8221;, se\u00f1al\u00f3.<\/p>\n<p>En entrevista, precis\u00f3 que durante los siguientes meses se continuar\u00e1 con los trabajos de adaptaci\u00f3n de la terminal a\u00e9rea, para el retorno de la aeronave modelo Dreamliner, los cuales quedar\u00e1n concluidos en agosto pr\u00f3ximo, se\u00f1ala El Financiero.<\/p>\n<p>&#8220;El dique E se est\u00e1 adaptando para que se pueda procesar mejor a los pasajeros internacionales, y en octubre se reiniciar\u00e1n vuelos a China. Cuando combin\u00e1bamos con los que vienen del Cross Border Xpress hab\u00eda dos tipos de control migratorio, y el espacio era muy reducido&#8221;, mencion\u00f3.<\/p>\n<p>Este acceso ha contribuido al auge de la terminal a\u00e9rea nacional, como lo se\u00f1alamos en <em><strong>NITU.mx<\/strong><\/em> (<a title=\"Aeropuerto de Tijuana le quita el liderato a Baj\u00edo por puente a EU\" href=\"http:\/\/www.dev.nitu.mx\/index.php\/2017\/01\/30\/aeropuerto-de-tijuana-le-quita-el-liderato-a-bajio-por-puente-a-eu\/\" rel=\"bookmark\">Aeropuerto de Tijuana le quita el liderato a Baj\u00edo por puente a EU<\/a>).<\/p>\n","protected":false},"excerpt":{"rendered":"<p>En octubre ser\u00e1n reanudados los vuelos hacia Beijing, China, desde el Aeropuerto Internacional de Tijuana, Baja California, con Hainan Airlines, inform\u00f3 el director del Grupo Aeroportuario del Pac\u00edfico (GAP), Fernando Bosque. &#8220;Ya aplic\u00f3 y cubri\u00f3 todos los requerimientos t\u00e9cnicos y las fechas est\u00e1n para octubre para volar con tres frecuencias. Hay alg\u00fan detalle que falta, [&hellip;]<\/p>\n","protected":false},"author":17,"featured_media":10420,"comment_status":"open","ping_status":"open","sticky":false,"template":"","format":"standard","meta":{"footnotes":""},"categories":[29,5],"tags":[4617,4618,1923,3746,489],"yoast_head":"<!-- This site is optimized with the Yoast SEO plugin v22.2 - https:\/\/yoast.com\/wordpress\/plugins\/seo\/ -->\n<title>Hainan Airlines regresa a cielos mexicanos - Nitu - Noticias de la Industria Turistica<\/title>\n<meta name=\"description\" content=\"En octubre ser\u00e1n reanudados los vuelos hacia Beijing, desde Tijuana con Hainan Airlines, inform\u00f3 el director del GAP, Fernando Bosque.\" \/>\n<meta name=\"robots\" content=\"index, follow, max-snippet:-1, max-image-preview:large, max-video-preview:-1\" \/>\n<link rel=\"canonical\" href=\"https:\/\/nitu.mx\/index.php\/2017\/06\/11\/hainan-airlines-regresa-a-cielos-mexicanos\/\" \/>\n<meta name=\"twitter:card\" content=\"summary_large_image\" \/>\n<meta name=\"twitter:title\" content=\"Hainan Airlines regresa a cielos mexicanos - Nitu - Noticias de la Industria Turistica\" \/>\n<meta name=\"twitter:description\" content=\"En octubre ser\u00e1n reanudados los vuelos hacia Beijing, desde Tijuana con Hainan Airlines, inform\u00f3 el director del GAP, Fernando Bosque.\" \/>\n<meta name=\"twitter:image\" content=\"https:\/\/nitu.mx\/wp-content\/uploads\/2017\/06\/Hainan-Airlines.jpg\" \/>\n<meta name=\"twitter:creator\" content=\"@NITUmx\" \/>\n<meta name=\"twitter:site\" content=\"@Arturo_Medina_G\" \/>\n<meta name=\"twitter:label1\" content=\"Escrito por\" \/>\n\t<meta name=\"twitter:data1\" content=\"Redacci\u00f3n\" \/>\n\t<meta name=\"twitter:label2\" content=\"Tiempo de lectura\" \/>\n\t<meta name=\"twitter:data2\" content=\"1 minuto\" \/>\n<script type=\"application\/ld+json\" class=\"yoast-schema-graph\">{\"@context\":\"https:\/\/schema.org\",\"@graph\":[{\"@type\":\"Article\",\"@id\":\"https:\/\/nitu.mx\/index.php\/2017\/06\/11\/hainan-airlines-regresa-a-cielos-mexicanos\/#article\",\"isPartOf\":{\"@id\":\"https:\/\/nitu.mx\/index.php\/2017\/06\/11\/hainan-airlines-regresa-a-cielos-mexicanos\/\"},\"author\":{\"name\":\"Redacci\u00f3n\",\"@id\":\"https:\/\/nitu.mx\/#\/schema\/person\/4a28fe9bd65924f7c90623773daf1b0b\"},\"headline\":\"Hainan Airlines regresa a cielos mexicanos\",\"datePublished\":\"2017-06-12T03:02:26+00:00\",\"dateModified\":\"2017-06-12T04:30:35+00:00\",\"mainEntityOfPage\":{\"@id\":\"https:\/\/nitu.mx\/index.php\/2017\/06\/11\/hainan-airlines-regresa-a-cielos-mexicanos\/\"},\"wordCount\":228,\"commentCount\":0,\"publisher\":{\"@id\":\"https:\/\/nitu.mx\/#\/schema\/person\/ae7a53426417292d3dd07b45a33e01bc\"},\"image\":{\"@id\":\"https:\/\/nitu.mx\/index.php\/2017\/06\/11\/hainan-airlines-regresa-a-cielos-mexicanos\/#primaryimage\"},\"thumbnailUrl\":\"https:\/\/nitu.mx\/wp-content\/uploads\/2017\/06\/Hainan-Airlines.jpg\",\"keywords\":[\"Beijing\",\"Fernando del Bosque\",\"Grupo Aeroportuario del Pac\u00edfico (GAP)\",\"Hainan Airlines\",\"Tijuana\"],\"articleSection\":[\"Aerol\u00edneas\",\"Destinos\"],\"inLanguage\":\"es-MX\",\"potentialAction\":[{\"@type\":\"CommentAction\",\"name\":\"Comment\",\"target\":[\"https:\/\/nitu.mx\/index.php\/2017\/06\/11\/hainan-airlines-regresa-a-cielos-mexicanos\/#respond\"]}]},{\"@type\":\"WebPage\",\"@id\":\"https:\/\/nitu.mx\/index.php\/2017\/06\/11\/hainan-airlines-regresa-a-cielos-mexicanos\/\",\"url\":\"https:\/\/nitu.mx\/index.php\/2017\/06\/11\/hainan-airlines-regresa-a-cielos-mexicanos\/\",\"name\":\"Hainan Airlines regresa a cielos mexicanos - Nitu - Noticias de la Industria Turistica\",\"isPartOf\":{\"@id\":\"https:\/\/nitu.mx\/#website\"},\"primaryImageOfPage\":{\"@id\":\"https:\/\/nitu.mx\/index.php\/2017\/06\/11\/hainan-airlines-regresa-a-cielos-mexicanos\/#primaryimage\"},\"image\":{\"@id\":\"https:\/\/nitu.mx\/index.php\/2017\/06\/11\/hainan-airlines-regresa-a-cielos-mexicanos\/#primaryimage\"},\"thumbnailUrl\":\"https:\/\/nitu.mx\/wp-content\/uploads\/2017\/06\/Hainan-Airlines.jpg\",\"datePublished\":\"2017-06-12T03:02:26+00:00\",\"dateModified\":\"2017-06-12T04:30:35+00:00\",\"description\":\"En octubre ser\u00e1n reanudados los vuelos hacia Beijing, desde Tijuana con Hainan Airlines, inform\u00f3 el director del GAP, Fernando Bosque.\",\"breadcrumb\":{\"@id\":\"https:\/\/nitu.mx\/index.php\/2017\/06\/11\/hainan-airlines-regresa-a-cielos-mexicanos\/#breadcrumb\"},\"inLanguage\":\"es-MX\",\"potentialAction\":[{\"@type\":\"ReadAction\",\"target\":[\"https:\/\/nitu.mx\/index.php\/2017\/06\/11\/hainan-airlines-regresa-a-cielos-mexicanos\/\"]}]},{\"@type\":\"ImageObject\",\"inLanguage\":\"es-MX\",\"@id\":\"https:\/\/nitu.mx\/index.php\/2017\/06\/11\/hainan-airlines-regresa-a-cielos-mexicanos\/#primaryimage\",\"url\":\"https:\/\/nitu.mx\/wp-content\/uploads\/2017\/06\/Hainan-Airlines.jpg\",\"contentUrl\":\"https:\/\/nitu.mx\/wp-content\/uploads\/2017\/06\/Hainan-Airlines.jpg\",\"width\":850,\"height\":480,\"caption\":\"Hainan Airlines\"},{\"@type\":\"BreadcrumbList\",\"@id\":\"https:\/\/nitu.mx\/index.php\/2017\/06\/11\/hainan-airlines-regresa-a-cielos-mexicanos\/#breadcrumb\",\"itemListElement\":[{\"@type\":\"ListItem\",\"position\":1,\"name\":\"Inicio\",\"item\":\"https:\/\/nitu.mx\/\"},{\"@type\":\"ListItem\",\"position\":2,\"name\":\"Hainan Airlines regresa a cielos mexicanos\"}]},{\"@type\":\"WebSite\",\"@id\":\"https:\/\/nitu.mx\/#website\",\"url\":\"https:\/\/nitu.mx\/\",\"name\":\"Nitu - Noticias de la Industria Turistica\",\"description\":\"Noticias de la Industria Turistica\",\"publisher\":{\"@id\":\"https:\/\/nitu.mx\/#\/schema\/person\/ae7a53426417292d3dd07b45a33e01bc\"},\"alternateName\":\"Noticias de la Industria Turistica\",\"potentialAction\":[{\"@type\":\"SearchAction\",\"target\":{\"@type\":\"EntryPoint\",\"urlTemplate\":\"https:\/\/nitu.mx\/?s={search_term_string}\"},\"query-input\":\"required name=search_term_string\"}],\"inLanguage\":\"es-MX\"},{\"@type\":[\"Person\",\"Organization\"],\"@id\":\"https:\/\/nitu.mx\/#\/schema\/person\/ae7a53426417292d3dd07b45a33e01bc\",\"name\":\"Arturo Medina\",\"image\":{\"@type\":\"ImageObject\",\"inLanguage\":\"es-MX\",\"@id\":\"https:\/\/nitu.mx\/#\/schema\/person\/image\/\",\"url\":\"https:\/\/nitu.mx\/wp-content\/uploads\/2024\/04\/4A315622-1904-4D5C-B022-878CDC840E04-90x90-1.jpeg\",\"contentUrl\":\"https:\/\/nitu.mx\/wp-content\/uploads\/2024\/04\/4A315622-1904-4D5C-B022-878CDC840E04-90x90-1.jpeg\",\"width\":90,\"height\":90,\"caption\":\"Arturo Medina\"},\"logo\":{\"@id\":\"https:\/\/nitu.mx\/#\/schema\/person\/image\/\"},\"description\":\"Director NITU.mx, Egresado de la Escuela de Periodismo Carlos Septi\u00e9n Garc\u00eda. Periodista y analista especializado en turismo desde hace 35 a\u00f1os, radicado en Canc\u00fan Q.Roo. arturo@nitu.mx\",\"sameAs\":[\"https:\/\/nitu.mx\",\"https:\/\/www.facebook.com\/NITUmx\/\",\"medinacancun\",\"https:\/\/twitter.com\/@Arturo_Medina_G\"]},{\"@type\":\"Person\",\"@id\":\"https:\/\/nitu.mx\/#\/schema\/person\/4a28fe9bd65924f7c90623773daf1b0b\",\"name\":\"Redacci\u00f3n\",\"image\":{\"@type\":\"ImageObject\",\"inLanguage\":\"es-MX\",\"@id\":\"https:\/\/nitu.mx\/#\/schema\/person\/image\/\",\"url\":\"https:\/\/secure.gravatar.com\/avatar\/5dd011c8ccfc5cd7e4c81e42252aab38?s=96&d=mm&r=g\",\"contentUrl\":\"https:\/\/secure.gravatar.com\/avatar\/5dd011c8ccfc5cd7e4c81e42252aab38?s=96&d=mm&r=g\",\"caption\":\"Redacci\u00f3n\"},\"url\":\"https:\/\/nitu.mx\/index.php\/author\/redaccion\/\"}]}<\/script>\n<!-- \/ Yoast SEO plugin. -->","yoast_head_json":{"title":"Hainan Airlines regresa a cielos mexicanos - Nitu - Noticias de la Industria Turistica","description":"En octubre ser\u00e1n reanudados los vuelos hacia Beijing, desde Tijuana con Hainan Airlines, inform\u00f3 el director del GAP, Fernando Bosque.","robots":{"index":"index","follow":"follow","max-snippet":"max-snippet:-1","max-image-preview":"max-image-preview:large","max-video-preview":"max-video-preview:-1"},"canonical":"https:\/\/nitu.mx\/index.php\/2017\/06\/11\/hainan-airlines-regresa-a-cielos-mexicanos\/","twitter_card":"summary_large_image","twitter_title":"Hainan Airlines regresa a cielos mexicanos - Nitu - Noticias de la Industria Turistica","twitter_description":"En octubre ser\u00e1n reanudados los vuelos hacia Beijing, desde Tijuana con Hainan Airlines, inform\u00f3 el director del GAP, Fernando Bosque.","twitter_image":"https:\/\/nitu.mx\/wp-content\/uploads\/2017\/06\/Hainan-Airlines.jpg","twitter_creator":"@NITUmx","twitter_site":"@Arturo_Medina_G","twitter_misc":{"Escrito por":"Redacci\u00f3n","Tiempo de lectura":"1 minuto"},"schema":{"@context":"https:\/\/schema.org","@graph":[{"@type":"Article","@id":"https:\/\/nitu.mx\/index.php\/2017\/06\/11\/hainan-airlines-regresa-a-cielos-mexicanos\/#article","isPartOf":{"@id":"https:\/\/nitu.mx\/index.php\/2017\/06\/11\/hainan-airlines-regresa-a-cielos-mexicanos\/"},"author":{"name":"Redacci\u00f3n","@id":"https:\/\/nitu.mx\/#\/schema\/person\/4a28fe9bd65924f7c90623773daf1b0b"},"headline":"Hainan Airlines regresa a cielos mexicanos","datePublished":"2017-06-12T03:02:26+00:00","dateModified":"2017-06-12T04:30:35+00:00","mainEntityOfPage":{"@id":"https:\/\/nitu.mx\/index.php\/2017\/06\/11\/hainan-airlines-regresa-a-cielos-mexicanos\/"},"wordCount":228,"commentCount":0,"publisher":{"@id":"https:\/\/nitu.mx\/#\/schema\/person\/ae7a53426417292d3dd07b45a33e01bc"},"image":{"@id":"https:\/\/nitu.mx\/index.php\/2017\/06\/11\/hainan-airlines-regresa-a-cielos-mexicanos\/#primaryimage"},"thumbnailUrl":"https:\/\/nitu.mx\/wp-content\/uploads\/2017\/06\/Hainan-Airlines.jpg","keywords":["Beijing","Fernando del Bosque","Grupo Aeroportuario del Pac\u00edfico (GAP)","Hainan Airlines","Tijuana"],"articleSection":["Aerol\u00edneas","Destinos"],"inLanguage":"es-MX","potentialAction":[{"@type":"CommentAction","name":"Comment","target":["https:\/\/nitu.mx\/index.php\/2017\/06\/11\/hainan-airlines-regresa-a-cielos-mexicanos\/#respond"]}]},{"@type":"WebPage","@id":"https:\/\/nitu.mx\/index.php\/2017\/06\/11\/hainan-airlines-regresa-a-cielos-mexicanos\/","url":"https:\/\/nitu.mx\/index.php\/2017\/06\/11\/hainan-airlines-regresa-a-cielos-mexicanos\/","name":"Hainan Airlines regresa a cielos mexicanos - Nitu - Noticias de la Industria Turistica","isPartOf":{"@id":"https:\/\/nitu.mx\/#website"},"primaryImageOfPage":{"@id":"https:\/\/nitu.mx\/index.php\/2017\/06\/11\/hainan-airlines-regresa-a-cielos-mexicanos\/#primaryimage"},"image":{"@id":"https:\/\/nitu.mx\/index.php\/2017\/06\/11\/hainan-airlines-regresa-a-cielos-mexicanos\/#primaryimage"},"thumbnailUrl":"https:\/\/nitu.mx\/wp-content\/uploads\/2017\/06\/Hainan-Airlines.jpg","datePublished":"2017-06-12T03:02:26+00:00","dateModified":"2017-06-12T04:30:35+00:00","description":"En octubre ser\u00e1n reanudados los vuelos hacia Beijing, desde Tijuana con Hainan Airlines, inform\u00f3 el director del GAP, Fernando Bosque.","breadcrumb":{"@id":"https:\/\/nitu.mx\/index.php\/2017\/06\/11\/hainan-airlines-regresa-a-cielos-mexicanos\/#breadcrumb"},"inLanguage":"es-MX","potentialAction":[{"@type":"ReadAction","target":["https:\/\/nitu.mx\/index.php\/2017\/06\/11\/hainan-airlines-regresa-a-cielos-mexicanos\/"]}]},{"@type":"ImageObject","inLanguage":"es-MX","@id":"https:\/\/nitu.mx\/index.php\/2017\/06\/11\/hainan-airlines-regresa-a-cielos-mexicanos\/#primaryimage","url":"https:\/\/nitu.mx\/wp-content\/uploads\/2017\/06\/Hainan-Airlines.jpg","contentUrl":"https:\/\/nitu.mx\/wp-content\/uploads\/2017\/06\/Hainan-Airlines.jpg","width":850,"height":480,"caption":"Hainan Airlines"},{"@type":"BreadcrumbList","@id":"https:\/\/nitu.mx\/index.php\/2017\/06\/11\/hainan-airlines-regresa-a-cielos-mexicanos\/#breadcrumb","itemListElement":[{"@type":"ListItem","position":1,"name":"Inicio","item":"https:\/\/nitu.mx\/"},{"@type":"ListItem","position":2,"name":"Hainan Airlines regresa a cielos mexicanos"}]},{"@type":"WebSite","@id":"https:\/\/nitu.mx\/#website","url":"https:\/\/nitu.mx\/","name":"Nitu - Noticias de la Industria Turistica","description":"Noticias de la Industria Turistica","publisher":{"@id":"https:\/\/nitu.mx\/#\/schema\/person\/ae7a53426417292d3dd07b45a33e01bc"},"alternateName":"Noticias de la Industria Turistica","potentialAction":[{"@type":"SearchAction","target":{"@type":"EntryPoint","urlTemplate":"https:\/\/nitu.mx\/?s={search_term_string}"},"query-input":"required name=search_term_string"}],"inLanguage":"es-MX"},{"@type":["Person","Organization"],"@id":"https:\/\/nitu.mx\/#\/schema\/person\/ae7a53426417292d3dd07b45a33e01bc","name":"Arturo Medina","image":{"@type":"ImageObject","inLanguage":"es-MX","@id":"https:\/\/nitu.mx\/#\/schema\/person\/image\/","url":"https:\/\/nitu.mx\/wp-content\/uploads\/2024\/04\/4A315622-1904-4D5C-B022-878CDC840E04-90x90-1.jpeg","contentUrl":"https:\/\/nitu.mx\/wp-content\/uploads\/2024\/04\/4A315622-1904-4D5C-B022-878CDC840E04-90x90-1.jpeg","width":90,"height":90,"caption":"Arturo Medina"},"logo":{"@id":"https:\/\/nitu.mx\/#\/schema\/person\/image\/"},"description":"Director NITU.mx, Egresado de la Escuela de Periodismo Carlos Septi\u00e9n Garc\u00eda. Periodista y analista especializado en turismo desde hace 35 a\u00f1os, radicado en Canc\u00fan Q.Roo. arturo@nitu.mx","sameAs":["https:\/\/nitu.mx","https:\/\/www.facebook.com\/NITUmx\/","medinacancun","https:\/\/twitter.com\/@Arturo_Medina_G"]},{"@type":"Person","@id":"https:\/\/nitu.mx\/#\/schema\/person\/4a28fe9bd65924f7c90623773daf1b0b","name":"Redacci\u00f3n","image":{"@type":"ImageObject","inLanguage":"es-MX","@id":"https:\/\/nitu.mx\/#\/schema\/person\/image\/","url":"https:\/\/secure.gravatar.com\/avatar\/5dd011c8ccfc5cd7e4c81e42252aab38?s=96&d=mm&r=g","contentUrl":"https:\/\/secure.gravatar.com\/avatar\/5dd011c8ccfc5cd7e4c81e42252aab38?s=96&d=mm&r=g","caption":"Redacci\u00f3n"},"url":"https:\/\/nitu.mx\/index.php\/author\/redaccion\/"}]}},"views":733,"_links":{"self":[{"href":"https:\/\/nitu.mx\/index.php\/wp-json\/wp\/v2\/posts\/10399"}],"collection":[{"href":"https:\/\/nitu.mx\/index.php\/wp-json\/wp\/v2\/posts"}],"about":[{"href":"https:\/\/nitu.mx\/index.php\/wp-json\/wp\/v2\/types\/post"}],"author":[{"embeddable":true,"href":"https:\/\/nitu.mx\/index.php\/wp-json\/wp\/v2\/users\/17"}],"replies":[{"embeddable":true,"href":"https:\/\/nitu.mx\/index.php\/wp-json\/wp\/v2\/comments?post=10399"}],"version-history":[{"count":4,"href":"https:\/\/nitu.mx\/index.php\/wp-json\/wp\/v2\/posts\/10399\/revisions"}],"predecessor-version":[{"id":10423,"href":"https:\/\/nitu.mx\/index.php\/wp-json\/wp\/v2\/posts\/10399\/revisions\/10423"}],"wp:featuredmedia":[{"embeddable":true,"href":"https:\/\/nitu.mx\/index.php\/wp-json\/wp\/v2\/media\/10420"}],"wp:attachment":[{"href":"https:\/\/nitu.mx\/index.php\/wp-json\/wp\/v2\/media?parent=10399"}],"wp:term":[{"taxonomy":"category","embeddable":true,"href":"https:\/\/nitu.mx\/index.php\/wp-json\/wp\/v2\/categories?post=10399"},{"taxonomy":"post_tag","embeddable":true,"href":"https:\/\/nitu.mx\/index.php\/wp-json\/wp\/v2\/tags?post=10399"}],"curies":[{"name":"wp","href":"https:\/\/api.w.org\/{rel}","templated":true}]}}